{"id":6323,"date":"2025-06-24T13:12:47","date_gmt":"2025-06-24T11:12:47","guid":{"rendered":"https:\/\/szentistvan.dnyem.hu\/?p=6323"},"modified":"2025-06-24T13:12:47","modified_gmt":"2025-06-24T11:12:47","slug":"peterfiller-gyujtes-2","status":"publish","type":"post","link":"https:\/\/szentistvan.dnyem.hu\/?p=6323","title":{"rendered":"P\u00e9terfill\u00e9r-gy\u0171jt\u00e9s"},"content":{"rendered":"\n<p><strong>J\u00fanius 29-\u00e9n (vas\u00e1rnap), <a rel=\"noreferrer noopener\" href=\"https:\/\/archiv.katolikus.hu\/szentek\/0629.html\" target=\"_blank\">Szent P\u00e9ter<\/a> \u00e9s <a rel=\"noreferrer noopener\" href=\"https:\/\/archiv.katolikus.hu\/szentek\/0629-95.html\" target=\"_blank\">Szent P\u00e1l<\/a> apostolok f\u0151\u00fcnnep\u00e9n <a href=\"https:\/\/www.magyarkurir.hu\/hirek\/peterfiller-gyujtes\">P\u00e9terfill\u00e9r-gy\u0171jt\u00e9st<\/a> tartunk az Apostoli Szentsz\u00e9k jav\u00e1ra.<\/strong><\/p>\n","protected":false},"excerpt":{"rendered":"<p>J\u00fanius 29-\u00e9n (vas\u00e1rnap), Szent P\u00e9ter \u00e9s Szent P\u00e1l apostolok f\u0151\u00fcnnep\u00e9n P\u00e9terfill\u00e9r-gy\u0171jt\u00e9st tartunk az Apostoli Szentsz\u00e9k jav\u00e1ra.<\/p>\n","protected":false},"author":2,"featured_media":0,"comment_status":"closed","ping_status":"open","sticky":false,"template":"","format":"standard","meta":[],"categories":[1,9,2],"tags":[],"_links":{"self":[{"href":"https:\/\/szentistvan.dnyem.hu\/index.php?rest_route=\/wp\/v2\/posts\/6323"}],"collection":[{"href":"https:\/\/szentistvan.dnyem.hu\/index.php?rest_route=\/wp\/v2\/posts"}],"about":[{"href":"https:\/\/szentistvan.dnyem.hu\/index.php?rest_route=\/wp\/v2\/types\/post"}],"author":[{"embeddable":true,"href":"https:\/\/szentistvan.dnyem.hu\/index.php?rest_route=\/wp\/v2\/users\/2"}],"replies":[{"embeddable":true,"href":"https:\/\/szentistvan.dnyem.hu\/index.php?rest_route=%2Fwp%2Fv2%2Fcomments&post=6323"}],"version-history":[{"count":1,"href":"https:\/\/szentistvan.dnyem.hu\/index.php?rest_route=\/wp\/v2\/posts\/6323\/revisions"}],"predecessor-version":[{"id":6324,"href":"https:\/\/szentistvan.dnyem.hu\/index.php?rest_route=\/wp\/v2\/posts\/6323\/revisions\/6324"}],"wp:attachment":[{"href":"https:\/\/szentistvan.dnyem.hu\/index.php?rest_route=%2Fwp%2Fv2%2Fmedia&parent=6323"}],"wp:term":[{"taxonomy":"category","embeddable":true,"href":"https:\/\/szentistvan.dnyem.hu\/index.php?rest_route=%2Fwp%2Fv2%2Fcategories&post=6323"},{"taxonomy":"post_tag","embeddable":true,"href":"https:\/\/szentistvan.dnyem.hu\/index.php?rest_route=%2Fwp%2Fv2%2Ftags&post=6323"}],"curies":[{"name":"wp","href":"https:\/\/api.w.org\/{rel}","templated":true}]}}