{"id":6321,"date":"2025-06-24T13:05:49","date_gmt":"2025-06-24T11:05:49","guid":{"rendered":"https:\/\/szentistvan.dnyem.hu\/?p=6321"},"modified":"2025-06-24T13:25:09","modified_gmt":"2025-06-24T11:25:09","slug":"szent-laszlo-founnepe","status":"publish","type":"post","link":"https:\/\/szentistvan.dnyem.hu\/?p=6321","title":{"rendered":"Szent L\u00e1szl\u00f3 f\u0151\u00fcnnepe"},"content":{"rendered":"\n<p><strong>J\u00fanius 28-\u00e1n (szombaton) <a href=\"https:\/\/dnyem.hu\/2025\/06\/23\/egyhazmegyenk-vedoszentjenek-szent-laszlo-kiralynak-unnepe\/\" target=\"_blank\" rel=\"noreferrer noopener\">Szent L\u00e1szl\u00f3 kir\u00e1lynak, egyh\u00e1zmegy\u00e9nk v\u00e9d\u0151szentj\u00e9nek f\u0151\u00fcnnep\u00e9n<\/a> p\u00fcsp\u00f6k atya a M\u00e1t\u00e9szalka k\u00f6zel\u00e9ben tal\u00e1lhat\u00f3 Ny\u00edrcsaholyba h\u00edvja a Kedves H\u00edveket a Kedves H\u00edveket a 11:00-kor kezd\u0151d\u0151 szabadt\u00e9ri szentmis\u00e9re az iskolaudvaron. El\u0151tte 10 \u00f3r\u00e1t\u00f3l lesz r\u00f3zsaf\u00fcz\u00e9r-im\u00e1dkoz\u00e1s.<\/strong><\/p>\n","protected":false},"excerpt":{"rendered":"<p>J\u00fanius 28-\u00e1n (szombaton) Szent L\u00e1szl\u00f3 kir\u00e1lynak, egyh\u00e1zmegy\u00e9nk v\u00e9d\u0151szentj\u00e9nek f\u0151\u00fcnnep\u00e9n p\u00fcsp\u00f6k atya a M\u00e1t\u00e9szalka k\u00f6zel\u00e9ben tal\u00e1lhat\u00f3 Ny\u00edrcsaholyba h\u00edvja a Kedves H\u00edveket a Kedves H\u00edveket a 11:00-kor&#8230;<\/p>\n","protected":false},"author":2,"featured_media":0,"comment_status":"closed","ping_status":"open","sticky":false,"template":"","format":"standard","meta":[],"categories":[1,9,2],"tags":[],"_links":{"self":[{"href":"https:\/\/szentistvan.dnyem.hu\/index.php?rest_route=\/wp\/v2\/posts\/6321"}],"collection":[{"href":"https:\/\/szentistvan.dnyem.hu\/index.php?rest_route=\/wp\/v2\/posts"}],"about":[{"href":"https:\/\/szentistvan.dnyem.hu\/index.php?rest_route=\/wp\/v2\/types\/post"}],"author":[{"embeddable":true,"href":"https:\/\/szentistvan.dnyem.hu\/index.php?rest_route=\/wp\/v2\/users\/2"}],"replies":[{"embeddable":true,"href":"https:\/\/szentistvan.dnyem.hu\/index.php?rest_route=%2Fwp%2Fv2%2Fcomments&post=6321"}],"version-history":[{"count":2,"href":"https:\/\/szentistvan.dnyem.hu\/index.php?rest_route=\/wp\/v2\/posts\/6321\/revisions"}],"predecessor-version":[{"id":6327,"href":"https:\/\/szentistvan.dnyem.hu\/index.php?rest_route=\/wp\/v2\/posts\/6321\/revisions\/6327"}],"wp:attachment":[{"href":"https:\/\/szentistvan.dnyem.hu\/index.php?rest_route=%2Fwp%2Fv2%2Fmedia&parent=6321"}],"wp:term":[{"taxonomy":"category","embeddable":true,"href":"https:\/\/szentistvan.dnyem.hu\/index.php?rest_route=%2Fwp%2Fv2%2Fcategories&post=6321"},{"taxonomy":"post_tag","embeddable":true,"href":"https:\/\/szentistvan.dnyem.hu\/index.php?rest_route=%2Fwp%2Fv2%2Ftags&post=6321"}],"curies":[{"name":"wp","href":"https:\/\/api.w.org\/{rel}","templated":true}]}}