{"id":6319,"date":"2025-06-24T13:04:00","date_gmt":"2025-06-24T11:04:00","guid":{"rendered":"https:\/\/szentistvan.dnyem.hu\/?p=6319"},"modified":"2025-06-24T13:04:00","modified_gmt":"2025-06-24T11:04:00","slug":"nyari-szabadsag","status":"publish","type":"post","link":"https:\/\/szentistvan.dnyem.hu\/?p=6319","title":{"rendered":"Ny\u00e1ri szabads\u00e1g"},"content":{"rendered":"\n<p><strong>A ny\u00e1ri vak\u00e1ci\u00f3 \u00e9s szabads\u00e1g idej\u00e9n se feledj\u00fck: b\u00e1rhol is \u00e9r benn\u00fcnket a vas\u00e1rnap, vegy\u00fcnk r\u00e9szt szentmis\u00e9n, \u00e9s minden nap tal\u00e1ljunk id\u0151t az im\u00e1ds\u00e1gra<\/strong>.<\/p>\n","protected":false},"excerpt":{"rendered":"<p>A ny\u00e1ri vak\u00e1ci\u00f3 \u00e9s szabads\u00e1g idej\u00e9n se feledj\u00fck: b\u00e1rhol is \u00e9r benn\u00fcnket a vas\u00e1rnap, vegy\u00fcnk r\u00e9szt szentmis\u00e9n, \u00e9s minden nap tal\u00e1ljunk id\u0151t az im\u00e1ds\u00e1gra.<\/p>\n","protected":false},"author":2,"featured_media":0,"comment_status":"closed","ping_status":"open","sticky":false,"template":"","format":"standard","meta":[],"categories":[1,9],"tags":[],"_links":{"self":[{"href":"https:\/\/szentistvan.dnyem.hu\/index.php?rest_route=\/wp\/v2\/posts\/6319"}],"collection":[{"href":"https:\/\/szentistvan.dnyem.hu\/index.php?rest_route=\/wp\/v2\/posts"}],"about":[{"href":"https:\/\/szentistvan.dnyem.hu\/index.php?rest_route=\/wp\/v2\/types\/post"}],"author":[{"embeddable":true,"href":"https:\/\/szentistvan.dnyem.hu\/index.php?rest_route=\/wp\/v2\/users\/2"}],"replies":[{"embeddable":true,"href":"https:\/\/szentistvan.dnyem.hu\/index.php?rest_route=%2Fwp%2Fv2%2Fcomments&post=6319"}],"version-history":[{"count":1,"href":"https:\/\/szentistvan.dnyem.hu\/index.php?rest_route=\/wp\/v2\/posts\/6319\/revisions"}],"predecessor-version":[{"id":6320,"href":"https:\/\/szentistvan.dnyem.hu\/index.php?rest_route=\/wp\/v2\/posts\/6319\/revisions\/6320"}],"wp:attachment":[{"href":"https:\/\/szentistvan.dnyem.hu\/index.php?rest_route=%2Fwp%2Fv2%2Fmedia&parent=6319"}],"wp:term":[{"taxonomy":"category","embeddable":true,"href":"https:\/\/szentistvan.dnyem.hu\/index.php?rest_route=%2Fwp%2Fv2%2Fcategories&post=6319"},{"taxonomy":"post_tag","embeddable":true,"href":"https:\/\/szentistvan.dnyem.hu\/index.php?rest_route=%2Fwp%2Fv2%2Ftags&post=6319"}],"curies":[{"name":"wp","href":"https:\/\/api.w.org\/{rel}","templated":true}]}}