{"id":6308,"date":"2025-06-16T15:43:14","date_gmt":"2025-06-16T13:43:14","guid":{"rendered":"https:\/\/szentistvan.dnyem.hu\/?p=6308"},"modified":"2025-06-16T15:43:14","modified_gmt":"2025-06-16T13:43:14","slug":"ii-janos-pal-papa-az-uj-evezred-kezdeten-reszletek","status":"publish","type":"post","link":"https:\/\/szentistvan.dnyem.hu\/?p=6308","title":{"rendered":"II. J\u00e1nos P\u00e1l p\u00e1pa: Az \u00faj \u00e9vezred kezdet\u00e9n (r\u00e9szletek)"},"content":{"rendered":"\n<p>Ki kell tartanunk abban az ir\u00e1nyban, hogy k\u00fcl\u00f6n\u00f6s szerepet tulajdon\u00edtsunk a vas\u00e1rnapi eucharisztikus \u00fcnnepl\u00e9snek \u00e9s mag\u00e1nak a vas\u00e1rnapnak, a hit k\u00fcl\u00f6nleges napjak\u00e9nt tartva sz\u00e1mon, a felt\u00e1madt \u00dar napjak\u00e9nt, amikor \u2013 mint hetenk\u00e9nt ism\u00e9tl\u0151d\u0151 val\u00f3di H\u00fasv\u00e9ton \u2013 megkapjuk a Szentl\u00e9lek aj\u00e1nd\u00e9k\u00e1t. A kereszt\u00e9ny id\u0151t k\u00e9tezer \u00e9v \u00f3ta \u201ea h\u00e9t els\u0151, szombatot k\u00f6vet\u0151 napj\u00e1nak\u201d (v\u00f6. Mk 16,2.9; Lk 24,1; Jn 20,1) az eml\u00e9kezete tagolja, amikor a felt\u00e1madt Krisztus a b\u00e9ke \u00e9s a Szentl\u00e9lek aj\u00e1nd\u00e9k\u00e1t adta az apostoloknak (v\u00f6. Jn 20,19-23). Krisztus felt\u00e1mad\u00e1sa az az eredeti esem\u00e9ny, melyre a kereszt\u00e9ny hit \u00e9p\u00fcl (v\u00f6. 1Kor 15,14), s mely az id\u0151 miszt\u00e9rium\u00e1nak k\u00f6zep\u00e9n foglal helyet, egyben pedig megel\u0151legezi az utols\u00f3 napot is, amikor majd \u00fajra elj\u00f6n Krisztus dics\u0151s\u00e9gben.<br>Szeretn\u00e9m teh\u00e1t szorgalmazni, hogy az eucharisztia \u00fcnnepl\u00e9s\u00e9n val\u00f3 r\u00e9szv\u00e9tel minden megkeresztelt sz\u00e1m\u00e1ra val\u00f3ban a vas\u00e1rnap sz\u00edve legyen. Olyan elk\u00f6telezetts\u00e9g ez, melyr\u0151l nem szabad lemondanunk, s amellyel nemcsak k\u00f6teless\u00e9get teljes\u00edt\u00fcnk, hanem az\u00e9rt vesz\u00fcnk r\u00e9szt rajta, mert sz\u00fcks\u00e9gszer\u0171 eleme a val\u00f3ban tudatos \u00e9s hitvall\u00f3 kereszt\u00e9ny \u00e9letnek. Olyan \u00e9vezredbe l\u00e9p\u00fcnk, melyet a kult\u00far\u00e1k \u00e9s vall\u00e1sok \u00f6sszekevered\u00e9se jellemez, m\u00e9g a kor\u00e1bbi kereszt\u00e9ny orsz\u00e1gokban is. Sz\u00e1mos vid\u00e9ken csak \u201ekisded ny\u00e1j\u201d (Lk 12,32) a kereszt\u00e9nyek csoportja, vagy legal\u00e1bbis azz\u00e1 v\u00e1lik. Ez a k\u00f6r\u00fclm\u00e9ny azzal a kih\u00edv\u00e1ssal szembes\u00edt, hogy \u2013 igen gyakran magunkra maradva vagy neh\u00e9zs\u00e9gekkel k\u00fcszk\u00f6dve \u2013 a kor\u00e1bbin\u00e1l j\u00f3val hat\u00e1rozottabban kell ki\u00e1llnunk saj\u00e1toss\u00e1gaink mellett.<br>Az egyik ilyen saj\u00e1toss\u00e1g \u00e9ppen a vas\u00e1rnapi szentmis\u00e9n val\u00f3 r\u00e9szv\u00e9tel k\u00f6telezetts\u00e9ge. Amikor azonban Isten csal\u00e1djak\u00e9nt minden h\u00e9ten egybegy\u0171lnek a kereszt\u00e9nyek az \u00e9let Ig\u00e9j\u00e9nek \u00e9s Kenyer\u00e9nek asztala k\u00f6r\u00fcl, akkor a vas\u00e1rnapi szentmise a sz\u00e9tsz\u00f3r\u00f3d\u00e1s ellen is felv\u00e9rtezi \u0151ket. Azz\u00e1 a kit\u00fcntetett helly\u00e9 v\u00e1lik, ahol \u00e1lland\u00f3an hirdetj\u00fck \u00e9s megval\u00f3s\u00edtjuk a k\u00f6z\u00f6ss\u00e9get. Az \u00dar napja, \u00e9ppen a szentmis\u00e9n val\u00f3 r\u00e9szv\u00e9tel \u00e1ltal, az Egyh\u00e1z napj\u00e1v\u00e1 is v\u00e1lik, \u00e9s \u00e1ltala az Egyh\u00e1z hat\u00e9konyan bet\u00f6ltheti az egys\u00e9g szents\u00e9g\u00e9nek szerep\u00e9t.<br>(Szent <a href=\"https:\/\/katolikus.hu\/dokumentumtar\/novo-millennio-ineunte\" target=\"_blank\" rel=\"noreferrer noopener\">II. J\u00e1nos P\u00e1l p\u00e1pa, Az \u00faj \u00e9vezred kezdet\u00e9n c. apostoli level\u00e9nek<\/a> 35. \u00e9s 36. pontj\u00e1b\u00f3l.)<\/p>\n","protected":false},"excerpt":{"rendered":"<p>Ki kell tartanunk abban az ir\u00e1nyban, hogy k\u00fcl\u00f6n\u00f6s szerepet tulajdon\u00edtsunk a vas\u00e1rnapi eucharisztikus \u00fcnnepl\u00e9snek \u00e9s mag\u00e1nak a vas\u00e1rnapnak, a hit k\u00fcl\u00f6nleges napjak\u00e9nt tartva sz\u00e1mon, a&#8230;<\/p>\n","protected":false},"author":2,"featured_media":0,"comment_status":"closed","ping_status":"open","sticky":false,"template":"","format":"standard","meta":[],"categories":[1,11,9],"tags":[],"_links":{"self":[{"href":"https:\/\/szentistvan.dnyem.hu\/index.php?rest_route=\/wp\/v2\/posts\/6308"}],"collection":[{"href":"https:\/\/szentistvan.dnyem.hu\/index.php?rest_route=\/wp\/v2\/posts"}],"about":[{"href":"https:\/\/szentistvan.dnyem.hu\/index.php?rest_route=\/wp\/v2\/types\/post"}],"author":[{"embeddable":true,"href":"https:\/\/szentistvan.dnyem.hu\/index.php?rest_route=\/wp\/v2\/users\/2"}],"replies":[{"embeddable":true,"href":"https:\/\/szentistvan.dnyem.hu\/index.php?rest_route=%2Fwp%2Fv2%2Fcomments&post=6308"}],"version-history":[{"count":1,"href":"https:\/\/szentistvan.dnyem.hu\/index.php?rest_route=\/wp\/v2\/posts\/6308\/revisions"}],"predecessor-version":[{"id":6309,"href":"https:\/\/szentistvan.dnyem.hu\/index.php?rest_route=\/wp\/v2\/posts\/6308\/revisions\/6309"}],"wp:attachment":[{"href":"https:\/\/szentistvan.dnyem.hu\/index.php?rest_route=%2Fwp%2Fv2%2Fmedia&parent=6308"}],"wp:term":[{"taxonomy":"category","embeddable":true,"href":"https:\/\/szentistvan.dnyem.hu\/index.php?rest_route=%2Fwp%2Fv2%2Fcategories&post=6308"},{"taxonomy":"post_tag","embeddable":true,"href":"https:\/\/szentistvan.dnyem.hu\/index.php?rest_route=%2Fwp%2Fv2%2Ftags&post=6308"}],"curies":[{"name":"wp","href":"https:\/\/api.w.org\/{rel}","templated":true}]}}