{"id":6305,"date":"2025-06-16T15:31:10","date_gmt":"2025-06-16T13:31:10","guid":{"rendered":"https:\/\/szentistvan.dnyem.hu\/?p=6305"},"modified":"2025-06-16T15:31:10","modified_gmt":"2025-06-16T13:31:10","slug":"filmklub-7","status":"publish","type":"post","link":"https:\/\/szentistvan.dnyem.hu\/?p=6305","title":{"rendered":"Filmklub"},"content":{"rendered":"\n<p>J\u00fanius 16-\u00e1n (kedden) 18:00 \u00f3r\u00e1t\u00f3l folytat\u00f3dik a filmklub a Varga utca 3. sz\u00e1m alatti Kateketikai K\u00f6zpontban. Megn\u00e9zz\u00fck a 2020-ban k\u00e9sz\u00edtett <a href=\"https:\/\/videa.hu\/videok\/film-animacio\/fatima-film-animacio-hyziAMYau7Ky8GAU\" target=\"_blank\" rel=\"noreferrer noopener\">Fatima<\/a> c\u00edm\u0171 amerikai filmet, amely 2020-ban k\u00e9sz\u00fclt. A t\u00f6rt\u00e9nelmi esem\u00e9nyeken alapul\u00f3 filmdr\u00e1ma h\u00e1rom fiatal p\u00e1sztor l\u00e1tom\u00e1sair\u00f3l sz\u00e1mol be.<\/p>\n","protected":false},"excerpt":{"rendered":"<p>J\u00fanius 16-\u00e1n (kedden) 18:00 \u00f3r\u00e1t\u00f3l folytat\u00f3dik a filmklub a Varga utca 3. sz\u00e1m alatti Kateketikai K\u00f6zpontban. Megn\u00e9zz\u00fck a 2020-ban k\u00e9sz\u00edtett Fatima c\u00edm\u0171 amerikai filmet, amely&#8230;<\/p>\n","protected":false},"author":2,"featured_media":0,"comment_status":"closed","ping_status":"open","sticky":false,"template":"","format":"standard","meta":[],"categories":[1,2],"tags":[],"_links":{"self":[{"href":"https:\/\/szentistvan.dnyem.hu\/index.php?rest_route=\/wp\/v2\/posts\/6305"}],"collection":[{"href":"https:\/\/szentistvan.dnyem.hu\/index.php?rest_route=\/wp\/v2\/posts"}],"about":[{"href":"https:\/\/szentistvan.dnyem.hu\/index.php?rest_route=\/wp\/v2\/types\/post"}],"author":[{"embeddable":true,"href":"https:\/\/szentistvan.dnyem.hu\/index.php?rest_route=\/wp\/v2\/users\/2"}],"replies":[{"embeddable":true,"href":"https:\/\/szentistvan.dnyem.hu\/index.php?rest_route=%2Fwp%2Fv2%2Fcomments&post=6305"}],"version-history":[{"count":1,"href":"https:\/\/szentistvan.dnyem.hu\/index.php?rest_route=\/wp\/v2\/posts\/6305\/revisions"}],"predecessor-version":[{"id":6306,"href":"https:\/\/szentistvan.dnyem.hu\/index.php?rest_route=\/wp\/v2\/posts\/6305\/revisions\/6306"}],"wp:attachment":[{"href":"https:\/\/szentistvan.dnyem.hu\/index.php?rest_route=%2Fwp%2Fv2%2Fmedia&parent=6305"}],"wp:term":[{"taxonomy":"category","embeddable":true,"href":"https:\/\/szentistvan.dnyem.hu\/index.php?rest_route=%2Fwp%2Fv2%2Fcategories&post=6305"},{"taxonomy":"post_tag","embeddable":true,"href":"https:\/\/szentistvan.dnyem.hu\/index.php?rest_route=%2Fwp%2Fv2%2Ftags&post=6305"}],"curies":[{"name":"wp","href":"https:\/\/api.w.org\/{rel}","templated":true}]}}