{"id":6290,"date":"2025-06-08T14:43:08","date_gmt":"2025-06-08T12:43:08","guid":{"rendered":"https:\/\/szentistvan.dnyem.hu\/?p=6290"},"modified":"2025-06-08T14:43:08","modified_gmt":"2025-06-08T12:43:08","slug":"teljes-bucsu-3","status":"publish","type":"post","link":"https:\/\/szentistvan.dnyem.hu\/?p=6290","title":{"rendered":"Teljes b\u00facs\u00fa"},"content":{"rendered":"\n<p>P\u00fcnk\u00f6sd vas\u00e1rnap <a href=\"https:\/\/lexikon.katolikus.hu\/T\/teljes%20b%C3%BAcs%C3%BA.html\">teljes b\u00facs\u00fat<\/a> nyerhet az a h\u00edv\u0151, aki templomban vagy k\u00e1poln\u00e1ban \u00e1h\u00edtattal r\u00e9szt vesz a <em><a href=\"https:\/\/nepenektar.hu\/idoszak\/punkosd\/liturgia\/143\/cantio\/288\/jojj-szentlelek-istenunk\">J\u00f6jj, Szentl\u00e9lek Isten\u00fcnk<\/a><\/em> himnusz \u00fcnnep\u00e9lyes \u00e9nekl\u00e9s\u00e9ben vagy elmond\u00e1s\u00e1ban.<\/p>\n","protected":false},"excerpt":{"rendered":"<p>P\u00fcnk\u00f6sd vas\u00e1rnap teljes b\u00facs\u00fat nyerhet az a h\u00edv\u0151, aki templomban vagy k\u00e1poln\u00e1ban \u00e1h\u00edtattal r\u00e9szt vesz a J\u00f6jj, Szentl\u00e9lek Isten\u00fcnk himnusz \u00fcnnep\u00e9lyes \u00e9nekl\u00e9s\u00e9ben vagy elmond\u00e1s\u00e1ban.<\/p>\n","protected":false},"author":2,"featured_media":0,"comment_status":"closed","ping_status":"open","sticky":false,"template":"","format":"standard","meta":[],"categories":[1,9],"tags":[],"_links":{"self":[{"href":"https:\/\/szentistvan.dnyem.hu\/index.php?rest_route=\/wp\/v2\/posts\/6290"}],"collection":[{"href":"https:\/\/szentistvan.dnyem.hu\/index.php?rest_route=\/wp\/v2\/posts"}],"about":[{"href":"https:\/\/szentistvan.dnyem.hu\/index.php?rest_route=\/wp\/v2\/types\/post"}],"author":[{"embeddable":true,"href":"https:\/\/szentistvan.dnyem.hu\/index.php?rest_route=\/wp\/v2\/users\/2"}],"replies":[{"embeddable":true,"href":"https:\/\/szentistvan.dnyem.hu\/index.php?rest_route=%2Fwp%2Fv2%2Fcomments&post=6290"}],"version-history":[{"count":1,"href":"https:\/\/szentistvan.dnyem.hu\/index.php?rest_route=\/wp\/v2\/posts\/6290\/revisions"}],"predecessor-version":[{"id":6291,"href":"https:\/\/szentistvan.dnyem.hu\/index.php?rest_route=\/wp\/v2\/posts\/6290\/revisions\/6291"}],"wp:attachment":[{"href":"https:\/\/szentistvan.dnyem.hu\/index.php?rest_route=%2Fwp%2Fv2%2Fmedia&parent=6290"}],"wp:term":[{"taxonomy":"category","embeddable":true,"href":"https:\/\/szentistvan.dnyem.hu\/index.php?rest_route=%2Fwp%2Fv2%2Fcategories&post=6290"},{"taxonomy":"post_tag","embeddable":true,"href":"https:\/\/szentistvan.dnyem.hu\/index.php?rest_route=%2Fwp%2Fv2%2Ftags&post=6290"}],"curies":[{"name":"wp","href":"https:\/\/api.w.org\/{rel}","templated":true}]}}