{"id":6265,"date":"2025-05-26T12:18:04","date_gmt":"2025-05-26T10:18:04","guid":{"rendered":"https:\/\/szentistvan.dnyem.hu\/?p=6265"},"modified":"2025-05-26T12:18:04","modified_gmt":"2025-05-26T10:18:04","slug":"urunk-mennybemenetele-2","status":"publish","type":"post","link":"https:\/\/szentistvan.dnyem.hu\/?p=6265","title":{"rendered":"Urunk mennybemenetele"},"content":{"rendered":"\n<p>J\u00fanius 1-j\u00e9n (vas\u00e1rnap) tartjuk <a href=\"https:\/\/punkosdinfo.hu\/aldozo-csutortok-mennybemenetel-unnepe\/\">Urunk mennybemenetel\u00e9nek<\/a> f\u0151\u00fcnnep\u00e9t. Ezen a napon a sz\u00e9kesegyh\u00e1zban a 18:00 \u00f3rakor kezd\u0151d\u0151 szentmis\u00e9n \u00e9nekel a <a href=\"https:\/\/www.magyarkurir.hu\/hirek\/szent-az-zene-amely-az-embert-istenhez-emeli-interju-debreceni-dalarda-kozosseg-tagjaival\" target=\"_blank\" rel=\"noreferrer noopener\">Dal\u00e1rda<\/a>.<\/p>\n","protected":false},"excerpt":{"rendered":"<p>J\u00fanius 1-j\u00e9n (vas\u00e1rnap) tartjuk Urunk mennybemenetel\u00e9nek f\u0151\u00fcnnep\u00e9t. Ezen a napon a sz\u00e9kesegyh\u00e1zban a 18:00 \u00f3rakor kezd\u0151d\u0151 szentmis\u00e9n \u00e9nekel a Dal\u00e1rda.<\/p>\n","protected":false},"author":2,"featured_media":0,"comment_status":"closed","ping_status":"open","sticky":false,"template":"","format":"standard","meta":[],"categories":[1],"tags":[],"_links":{"self":[{"href":"https:\/\/szentistvan.dnyem.hu\/index.php?rest_route=\/wp\/v2\/posts\/6265"}],"collection":[{"href":"https:\/\/szentistvan.dnyem.hu\/index.php?rest_route=\/wp\/v2\/posts"}],"about":[{"href":"https:\/\/szentistvan.dnyem.hu\/index.php?rest_route=\/wp\/v2\/types\/post"}],"author":[{"embeddable":true,"href":"https:\/\/szentistvan.dnyem.hu\/index.php?rest_route=\/wp\/v2\/users\/2"}],"replies":[{"embeddable":true,"href":"https:\/\/szentistvan.dnyem.hu\/index.php?rest_route=%2Fwp%2Fv2%2Fcomments&post=6265"}],"version-history":[{"count":1,"href":"https:\/\/szentistvan.dnyem.hu\/index.php?rest_route=\/wp\/v2\/posts\/6265\/revisions"}],"predecessor-version":[{"id":6266,"href":"https:\/\/szentistvan.dnyem.hu\/index.php?rest_route=\/wp\/v2\/posts\/6265\/revisions\/6266"}],"wp:attachment":[{"href":"https:\/\/szentistvan.dnyem.hu\/index.php?rest_route=%2Fwp%2Fv2%2Fmedia&parent=6265"}],"wp:term":[{"taxonomy":"category","embeddable":true,"href":"https:\/\/szentistvan.dnyem.hu\/index.php?rest_route=%2Fwp%2Fv2%2Fcategories&post=6265"},{"taxonomy":"post_tag","embeddable":true,"href":"https:\/\/szentistvan.dnyem.hu\/index.php?rest_route=%2Fwp%2Fv2%2Ftags&post=6265"}],"curies":[{"name":"wp","href":"https:\/\/api.w.org\/{rel}","templated":true}]}}