{"id":6257,"date":"2025-05-21T21:00:28","date_gmt":"2025-05-21T19:00:28","guid":{"rendered":"https:\/\/szentistvan.dnyem.hu\/?p=6257"},"modified":"2025-05-21T21:00:28","modified_gmt":"2025-05-21T19:00:28","slug":"tomegtajekoztatasi-vilagnap-gyermekek-vilagnapja","status":"publish","type":"post","link":"https:\/\/szentistvan.dnyem.hu\/?p=6257","title":{"rendered":"T\u00f6megt\u00e1j\u00e9koztat\u00e1si vil\u00e1gnap, Gyermekek vil\u00e1gnapja"},"content":{"rendered":"\n<p><strong>M\u00e1jus 25-\u00e9n (vas\u00e1rnap) tartjuk a <a href=\"https:\/\/www.magyarkurir.hu\/hirek\/utravalo-2024-majus-5-husvet-6-vasarnapja-tomegtajekoztatasi-vilagnap\">T\u00f6megt\u00e1j\u00e9koztat\u00e1si vil\u00e1gnapot<\/a> \u00e9s a <a href=\"https:\/\/igenaptar.katolikus.hu\/nap\/index.php?holnap=2025-05-25\" target=\"_blank\" rel=\"noreferrer noopener\">Gyermekek vil\u00e1gnapj\u00e1t<\/a>. A T\u00f6megt\u00e1j\u00e9koztat\u00e1si vil\u00e1gnap j\u00f3 alkalom arra, hogy k\u00f6sz\u00f6netet mondjunk azoknak, akik a t\u00f6megt\u00e1j\u00e9koztat\u00e1sban \u00fagy tev\u00e9kenykednek, hogy munk\u00e1jukban h\u0171en \u00e9rv\u00e9nyes\u00edtik az erk\u00f6lcsi rend norm\u00e1it.<\/strong><\/p>\n","protected":false},"excerpt":{"rendered":"<p>M\u00e1jus 25-\u00e9n (vas\u00e1rnap) tartjuk a T\u00f6megt\u00e1j\u00e9koztat\u00e1si vil\u00e1gnapot \u00e9s a Gyermekek vil\u00e1gnapj\u00e1t. A T\u00f6megt\u00e1j\u00e9koztat\u00e1si vil\u00e1gnap j\u00f3 alkalom arra, hogy k\u00f6sz\u00f6netet mondjunk azoknak, akik a t\u00f6megt\u00e1j\u00e9koztat\u00e1sban \u00fagy&#8230;<\/p>\n","protected":false},"author":2,"featured_media":0,"comment_status":"closed","ping_status":"open","sticky":false,"template":"","format":"standard","meta":[],"categories":[1,2],"tags":[],"_links":{"self":[{"href":"https:\/\/szentistvan.dnyem.hu\/index.php?rest_route=\/wp\/v2\/posts\/6257"}],"collection":[{"href":"https:\/\/szentistvan.dnyem.hu\/index.php?rest_route=\/wp\/v2\/posts"}],"about":[{"href":"https:\/\/szentistvan.dnyem.hu\/index.php?rest_route=\/wp\/v2\/types\/post"}],"author":[{"embeddable":true,"href":"https:\/\/szentistvan.dnyem.hu\/index.php?rest_route=\/wp\/v2\/users\/2"}],"replies":[{"embeddable":true,"href":"https:\/\/szentistvan.dnyem.hu\/index.php?rest_route=%2Fwp%2Fv2%2Fcomments&post=6257"}],"version-history":[{"count":1,"href":"https:\/\/szentistvan.dnyem.hu\/index.php?rest_route=\/wp\/v2\/posts\/6257\/revisions"}],"predecessor-version":[{"id":6258,"href":"https:\/\/szentistvan.dnyem.hu\/index.php?rest_route=\/wp\/v2\/posts\/6257\/revisions\/6258"}],"wp:attachment":[{"href":"https:\/\/szentistvan.dnyem.hu\/index.php?rest_route=%2Fwp%2Fv2%2Fmedia&parent=6257"}],"wp:term":[{"taxonomy":"category","embeddable":true,"href":"https:\/\/szentistvan.dnyem.hu\/index.php?rest_route=%2Fwp%2Fv2%2Fcategories&post=6257"},{"taxonomy":"post_tag","embeddable":true,"href":"https:\/\/szentistvan.dnyem.hu\/index.php?rest_route=%2Fwp%2Fv2%2Ftags&post=6257"}],"curies":[{"name":"wp","href":"https:\/\/api.w.org\/{rel}","templated":true}]}}