{"id":6253,"date":"2025-05-21T20:46:05","date_gmt":"2025-05-21T18:46:05","guid":{"rendered":"https:\/\/szentistvan.dnyem.hu\/?p=6253"},"modified":"2025-05-21T20:46:05","modified_gmt":"2025-05-21T18:46:05","slug":"bermalkozok-hittan-oraja","status":"publish","type":"post","link":"https:\/\/szentistvan.dnyem.hu\/?p=6253","title":{"rendered":"B\u00e9rm\u00e1lkoz\u00f3k hittan \u00f3r\u00e1ja"},"content":{"rendered":"\n<p><strong>Szombaton (m\u00e1jus 24-\u00e9n) kezd\u0151dik a sz\u00e9kesegyh\u00e1zban a b\u00e9rm\u00e1lkoz\u00f3k \u00f6sszevont hittan \u00f3r\u00e1ja.<\/strong><\/p>\n","protected":false},"excerpt":{"rendered":"<p>Szombaton (m\u00e1jus 24-\u00e9n) kezd\u0151dik a sz\u00e9kesegyh\u00e1zban a b\u00e9rm\u00e1lkoz\u00f3k \u00f6sszevont hittan \u00f3r\u00e1ja.<\/p>\n","protected":false},"author":2,"featured_media":0,"comment_status":"closed","ping_status":"open","sticky":false,"template":"","format":"standard","meta":[],"categories":[1,9,2],"tags":[],"_links":{"self":[{"href":"https:\/\/szentistvan.dnyem.hu\/index.php?rest_route=\/wp\/v2\/posts\/6253"}],"collection":[{"href":"https:\/\/szentistvan.dnyem.hu\/index.php?rest_route=\/wp\/v2\/posts"}],"about":[{"href":"https:\/\/szentistvan.dnyem.hu\/index.php?rest_route=\/wp\/v2\/types\/post"}],"author":[{"embeddable":true,"href":"https:\/\/szentistvan.dnyem.hu\/index.php?rest_route=\/wp\/v2\/users\/2"}],"replies":[{"embeddable":true,"href":"https:\/\/szentistvan.dnyem.hu\/index.php?rest_route=%2Fwp%2Fv2%2Fcomments&post=6253"}],"version-history":[{"count":1,"href":"https:\/\/szentistvan.dnyem.hu\/index.php?rest_route=\/wp\/v2\/posts\/6253\/revisions"}],"predecessor-version":[{"id":6254,"href":"https:\/\/szentistvan.dnyem.hu\/index.php?rest_route=\/wp\/v2\/posts\/6253\/revisions\/6254"}],"wp:attachment":[{"href":"https:\/\/szentistvan.dnyem.hu\/index.php?rest_route=%2Fwp%2Fv2%2Fmedia&parent=6253"}],"wp:term":[{"taxonomy":"category","embeddable":true,"href":"https:\/\/szentistvan.dnyem.hu\/index.php?rest_route=%2Fwp%2Fv2%2Fcategories&post=6253"},{"taxonomy":"post_tag","embeddable":true,"href":"https:\/\/szentistvan.dnyem.hu\/index.php?rest_route=%2Fwp%2Fv2%2Ftags&post=6253"}],"curies":[{"name":"wp","href":"https:\/\/api.w.org\/{rel}","templated":true}]}}