{"id":6246,"date":"2025-05-12T22:01:11","date_gmt":"2025-05-12T20:01:11","guid":{"rendered":"https:\/\/szentistvan.dnyem.hu\/?p=6246"},"modified":"2025-05-12T22:01:11","modified_gmt":"2025-05-12T20:01:11","slug":"ministranstabor-2","status":"publish","type":"post","link":"https:\/\/szentistvan.dnyem.hu\/?p=6246","title":{"rendered":"Ministr\u00e1nst\u00e1bor"},"content":{"rendered":"\n<p><strong>J\u00fanius 30-t\u00f3l j\u00falius 1-ig lesz ministr\u00e1nst\u00e1bor Ny\u00edregyh\u00e1z\u00e1n 12-t\u0151l 18 \u00e9ves korig. <\/strong><\/p>\n\n\n\n<p>Jelentkez\u00e9si hat\u00e1rid\u0151 j\u00fanius 1.<\/p>\n","protected":false},"excerpt":{"rendered":"<p>J\u00fanius 30-t\u00f3l j\u00falius 1-ig lesz ministr\u00e1nst\u00e1bor Ny\u00edregyh\u00e1z\u00e1n 12-t\u0151l 18 \u00e9ves korig. Jelentkez\u00e9si hat\u00e1rid\u0151 j\u00fanius 1.<\/p>\n","protected":false},"author":2,"featured_media":0,"comment_status":"closed","ping_status":"open","sticky":false,"template":"","format":"standard","meta":[],"categories":[1,9,2],"tags":[],"_links":{"self":[{"href":"https:\/\/szentistvan.dnyem.hu\/index.php?rest_route=\/wp\/v2\/posts\/6246"}],"collection":[{"href":"https:\/\/szentistvan.dnyem.hu\/index.php?rest_route=\/wp\/v2\/posts"}],"about":[{"href":"https:\/\/szentistvan.dnyem.hu\/index.php?rest_route=\/wp\/v2\/types\/post"}],"author":[{"embeddable":true,"href":"https:\/\/szentistvan.dnyem.hu\/index.php?rest_route=\/wp\/v2\/users\/2"}],"replies":[{"embeddable":true,"href":"https:\/\/szentistvan.dnyem.hu\/index.php?rest_route=%2Fwp%2Fv2%2Fcomments&post=6246"}],"version-history":[{"count":1,"href":"https:\/\/szentistvan.dnyem.hu\/index.php?rest_route=\/wp\/v2\/posts\/6246\/revisions"}],"predecessor-version":[{"id":6247,"href":"https:\/\/szentistvan.dnyem.hu\/index.php?rest_route=\/wp\/v2\/posts\/6246\/revisions\/6247"}],"wp:attachment":[{"href":"https:\/\/szentistvan.dnyem.hu\/index.php?rest_route=%2Fwp%2Fv2%2Fmedia&parent=6246"}],"wp:term":[{"taxonomy":"category","embeddable":true,"href":"https:\/\/szentistvan.dnyem.hu\/index.php?rest_route=%2Fwp%2Fv2%2Fcategories&post=6246"},{"taxonomy":"post_tag","embeddable":true,"href":"https:\/\/szentistvan.dnyem.hu\/index.php?rest_route=%2Fwp%2Fv2%2Ftags&post=6246"}],"curies":[{"name":"wp","href":"https:\/\/api.w.org\/{rel}","templated":true}]}}