{"id":6244,"date":"2025-05-12T21:59:56","date_gmt":"2025-05-12T19:59:56","guid":{"rendered":"https:\/\/szentistvan.dnyem.hu\/?p=6244"},"modified":"2025-05-12T21:59:56","modified_gmt":"2025-05-12T19:59:56","slug":"egyhazmegyei-gyermeknap-2","status":"publish","type":"post","link":"https:\/\/szentistvan.dnyem.hu\/?p=6244","title":{"rendered":"Egyh\u00e1zmegyei gyermeknap"},"content":{"rendered":"\n<p><strong>M\u00e1jus 24-\u00e9n (szombaton) egyh\u00e1zmegyei gyermeknap lesz Nagyk\u00e1ll\u00f3\u2013Harangodon 3-8. oszt\u00e1lyos gyermekek sz\u00e1m\u00e1ra.<\/strong><\/p>\n\n\n\n<p><strong>A r\u00e9szv\u00e9teli d\u00edj 2000 Ft. <\/strong><\/p>\n\n\n\n<p><strong>A gyermeknapra az aut\u00f3busz 8 \u00f3rakor indul sz\u00e9kesegyh\u00e1zunk el\u0151l.<\/strong><\/p>\n\n\n\n<p>Miel\u0151bb jelentkezzenek a lelkiaty\u00e1kn\u00e1l vagy a hitoktat\u00f3kn\u00e1l.<\/p>\n","protected":false},"excerpt":{"rendered":"<p>M\u00e1jus 24-\u00e9n (szombaton) egyh\u00e1zmegyei gyermeknap lesz Nagyk\u00e1ll\u00f3\u2013Harangodon 3-8. oszt\u00e1lyos gyermekek sz\u00e1m\u00e1ra. A r\u00e9szv\u00e9teli d\u00edj 2000 Ft. A gyermeknapra az aut\u00f3busz 8 \u00f3rakor indul sz\u00e9kesegyh\u00e1zunk el\u0151l&#8230;.<\/p>\n","protected":false},"author":2,"featured_media":0,"comment_status":"closed","ping_status":"open","sticky":false,"template":"","format":"standard","meta":[],"categories":[1,2],"tags":[],"_links":{"self":[{"href":"https:\/\/szentistvan.dnyem.hu\/index.php?rest_route=\/wp\/v2\/posts\/6244"}],"collection":[{"href":"https:\/\/szentistvan.dnyem.hu\/index.php?rest_route=\/wp\/v2\/posts"}],"about":[{"href":"https:\/\/szentistvan.dnyem.hu\/index.php?rest_route=\/wp\/v2\/types\/post"}],"author":[{"embeddable":true,"href":"https:\/\/szentistvan.dnyem.hu\/index.php?rest_route=\/wp\/v2\/users\/2"}],"replies":[{"embeddable":true,"href":"https:\/\/szentistvan.dnyem.hu\/index.php?rest_route=%2Fwp%2Fv2%2Fcomments&post=6244"}],"version-history":[{"count":1,"href":"https:\/\/szentistvan.dnyem.hu\/index.php?rest_route=\/wp\/v2\/posts\/6244\/revisions"}],"predecessor-version":[{"id":6245,"href":"https:\/\/szentistvan.dnyem.hu\/index.php?rest_route=\/wp\/v2\/posts\/6244\/revisions\/6245"}],"wp:attachment":[{"href":"https:\/\/szentistvan.dnyem.hu\/index.php?rest_route=%2Fwp%2Fv2%2Fmedia&parent=6244"}],"wp:term":[{"taxonomy":"category","embeddable":true,"href":"https:\/\/szentistvan.dnyem.hu\/index.php?rest_route=%2Fwp%2Fv2%2Fcategories&post=6244"},{"taxonomy":"post_tag","embeddable":true,"href":"https:\/\/szentistvan.dnyem.hu\/index.php?rest_route=%2Fwp%2Fv2%2Ftags&post=6244"}],"curies":[{"name":"wp","href":"https:\/\/api.w.org\/{rel}","templated":true}]}}