{"id":6242,"date":"2025-05-12T21:58:11","date_gmt":"2025-05-12T19:58:11","guid":{"rendered":"https:\/\/szentistvan.dnyem.hu\/?p=6242"},"modified":"2025-05-12T21:58:11","modified_gmt":"2025-05-12T19:58:11","slug":"koncert-3","status":"publish","type":"post","link":"https:\/\/szentistvan.dnyem.hu\/?p=6242","title":{"rendered":"Koncert"},"content":{"rendered":"\n<p>M\u00e1jus 16-\u00e1n (p\u00e9nteken) 19:00 \u00f3r\u00e1t\u00f3l a Zeneakad\u00e9mia Egyh\u00e1zzene Tansz\u00e9k\u00e9nek tan\u00e1raib\u00f3l \u00e9s hallgat\u00f3b\u00f3l \u00e1ll\u00f3 k\u00f3rus Mecheleni s\u00e9t\u00e1k c\u00edmmel ad koncertet. M\u0171soruk olvashat\u00f3 a hirdet\u0151n. A koncertre a bel\u00e9p\u00e9s ingyenes.<\/p>\n","protected":false},"excerpt":{"rendered":"<p>M\u00e1jus 16-\u00e1n (p\u00e9nteken) 19:00 \u00f3r\u00e1t\u00f3l a Zeneakad\u00e9mia Egyh\u00e1zzene Tansz\u00e9k\u00e9nek tan\u00e1raib\u00f3l \u00e9s hallgat\u00f3b\u00f3l \u00e1ll\u00f3 k\u00f3rus Mecheleni s\u00e9t\u00e1k c\u00edmmel ad koncertet. M\u0171soruk olvashat\u00f3 a hirdet\u0151n. A koncertre&#8230;<\/p>\n","protected":false},"author":2,"featured_media":0,"comment_status":"closed","ping_status":"open","sticky":false,"template":"","format":"standard","meta":[],"categories":[1,2],"tags":[],"_links":{"self":[{"href":"https:\/\/szentistvan.dnyem.hu\/index.php?rest_route=\/wp\/v2\/posts\/6242"}],"collection":[{"href":"https:\/\/szentistvan.dnyem.hu\/index.php?rest_route=\/wp\/v2\/posts"}],"about":[{"href":"https:\/\/szentistvan.dnyem.hu\/index.php?rest_route=\/wp\/v2\/types\/post"}],"author":[{"embeddable":true,"href":"https:\/\/szentistvan.dnyem.hu\/index.php?rest_route=\/wp\/v2\/users\/2"}],"replies":[{"embeddable":true,"href":"https:\/\/szentistvan.dnyem.hu\/index.php?rest_route=%2Fwp%2Fv2%2Fcomments&post=6242"}],"version-history":[{"count":1,"href":"https:\/\/szentistvan.dnyem.hu\/index.php?rest_route=\/wp\/v2\/posts\/6242\/revisions"}],"predecessor-version":[{"id":6243,"href":"https:\/\/szentistvan.dnyem.hu\/index.php?rest_route=\/wp\/v2\/posts\/6242\/revisions\/6243"}],"wp:attachment":[{"href":"https:\/\/szentistvan.dnyem.hu\/index.php?rest_route=%2Fwp%2Fv2%2Fmedia&parent=6242"}],"wp:term":[{"taxonomy":"category","embeddable":true,"href":"https:\/\/szentistvan.dnyem.hu\/index.php?rest_route=%2Fwp%2Fv2%2Fcategories&post=6242"},{"taxonomy":"post_tag","embeddable":true,"href":"https:\/\/szentistvan.dnyem.hu\/index.php?rest_route=%2Fwp%2Fv2%2Ftags&post=6242"}],"curies":[{"name":"wp","href":"https:\/\/api.w.org\/{rel}","templated":true}]}}