{"id":6240,"date":"2025-05-12T21:56:40","date_gmt":"2025-05-12T19:56:40","guid":{"rendered":"https:\/\/szentistvan.dnyem.hu\/?p=6240"},"modified":"2025-05-12T21:56:40","modified_gmt":"2025-05-12T19:56:40","slug":"filmklub-6","status":"publish","type":"post","link":"https:\/\/szentistvan.dnyem.hu\/?p=6240","title":{"rendered":"Filmklub"},"content":{"rendered":"\n<p><strong>M\u00e1jus 13-\u00e1n (kedden) 18:00 \u00f3r\u00e1t\u00f3l folytat\u00f3dik a filmklub a Varga utca 3. sz\u00e1m alatti Kateketikai K\u00f6zpontban. <\/strong>Megn\u00e9zz\u00fck a <a rel=\"noreferrer noopener\" href=\"https:\/\/videa.hu\/videok\/film-animacio\/gabriel-axel-babette-lakomaja-1987-drama-kKvDwyaGd3CK1feU\" target=\"_blank\">Babette lakom\u00e1ja<\/a> c\u00edm\u0171 filmet. <\/p>\n\n\n\n<p>N\u00e9hai Ferenc p\u00e1pa mind \u00e9letrajzi filmj\u00e9ben, mind \u00e9letrajzi k\u00f6nyv\u00e9ben nyomat\u00e9kkal emlegette ezt \u00fagy, mint kedvenc filmj\u00e9t. <\/p>\n\n\n\n<p>A filmvet\u00edt\u00e9st besz\u00e9lget\u00e9s k\u00f6veti a l\u00e1tottakr\u00f3l.<\/p>\n","protected":false},"excerpt":{"rendered":"<p>M\u00e1jus 13-\u00e1n (kedden) 18:00 \u00f3r\u00e1t\u00f3l folytat\u00f3dik a filmklub a Varga utca 3. sz\u00e1m alatti Kateketikai K\u00f6zpontban. Megn\u00e9zz\u00fck a Babette lakom\u00e1ja c\u00edm\u0171 filmet. N\u00e9hai Ferenc p\u00e1pa&#8230;<\/p>\n","protected":false},"author":2,"featured_media":0,"comment_status":"closed","ping_status":"open","sticky":false,"template":"","format":"standard","meta":[],"categories":[1,2],"tags":[],"_links":{"self":[{"href":"https:\/\/szentistvan.dnyem.hu\/index.php?rest_route=\/wp\/v2\/posts\/6240"}],"collection":[{"href":"https:\/\/szentistvan.dnyem.hu\/index.php?rest_route=\/wp\/v2\/posts"}],"about":[{"href":"https:\/\/szentistvan.dnyem.hu\/index.php?rest_route=\/wp\/v2\/types\/post"}],"author":[{"embeddable":true,"href":"https:\/\/szentistvan.dnyem.hu\/index.php?rest_route=\/wp\/v2\/users\/2"}],"replies":[{"embeddable":true,"href":"https:\/\/szentistvan.dnyem.hu\/index.php?rest_route=%2Fwp%2Fv2%2Fcomments&post=6240"}],"version-history":[{"count":1,"href":"https:\/\/szentistvan.dnyem.hu\/index.php?rest_route=\/wp\/v2\/posts\/6240\/revisions"}],"predecessor-version":[{"id":6241,"href":"https:\/\/szentistvan.dnyem.hu\/index.php?rest_route=\/wp\/v2\/posts\/6240\/revisions\/6241"}],"wp:attachment":[{"href":"https:\/\/szentistvan.dnyem.hu\/index.php?rest_route=%2Fwp%2Fv2%2Fmedia&parent=6240"}],"wp:term":[{"taxonomy":"category","embeddable":true,"href":"https:\/\/szentistvan.dnyem.hu\/index.php?rest_route=%2Fwp%2Fv2%2Fcategories&post=6240"},{"taxonomy":"post_tag","embeddable":true,"href":"https:\/\/szentistvan.dnyem.hu\/index.php?rest_route=%2Fwp%2Fv2%2Ftags&post=6240"}],"curies":[{"name":"wp","href":"https:\/\/api.w.org\/{rel}","templated":true}]}}