{"id":6237,"date":"2025-05-12T21:33:00","date_gmt":"2025-05-12T19:33:00","guid":{"rendered":"https:\/\/szentistvan.dnyem.hu\/?p=6237"},"modified":"2025-05-12T21:33:00","modified_gmt":"2025-05-12T19:33:00","slug":"jo-pasztor-vasarnapja","status":"publish","type":"post","link":"https:\/\/szentistvan.dnyem.hu\/?p=6237","title":{"rendered":"J\u00f3 P\u00e1sztor vas\u00e1rnapja"},"content":{"rendered":"\n<p><a href=\"https:\/\/regi.katolikus.hu\/cikk.php?h=1035\">J\u00f3 P\u00e1sztor vas\u00e1rnapj\u00e1n<\/a> (m\u00e1jus 11-\u00e9n, h\u00fasv\u00e9t 4. vas\u00e1rnapj\u00e1n) k\u00f6ny\u00f6rg\u0151napot tartottunk papi hivat\u00e1sok\u00e9rt.<br>Azok a fiatalok, akik Isten paps\u00e1gra h\u00edv\u00f3 szav\u00e1t felismert\u00e9k \u00f6nmagukban, \u00e9s a Debrecen-Ny\u00edregyh\u00e1zi Egyh\u00e1zmegy\u00e9ben szeretn\u00e9nek papk\u00e9nt szolg\u00e1lni, k\u00fcldj\u00e9k be jelentkez\u00e9s\u00fcket m\u00e1jus 31-ig a P\u00fcsp\u00f6ki Hivatalba. B\u0151vebb t\u00e1j\u00e9koztat\u00e1st a lelkiaty\u00e1kt\u00f3l k\u00e9rhetnek.<\/p>\n","protected":false},"excerpt":{"rendered":"<p>J\u00f3 P\u00e1sztor vas\u00e1rnapj\u00e1n (m\u00e1jus 11-\u00e9n, h\u00fasv\u00e9t 4. vas\u00e1rnapj\u00e1n) k\u00f6ny\u00f6rg\u0151napot tartottunk papi hivat\u00e1sok\u00e9rt.Azok a fiatalok, akik Isten paps\u00e1gra h\u00edv\u00f3 szav\u00e1t felismert\u00e9k \u00f6nmagukban, \u00e9s a Debrecen-Ny\u00edregyh\u00e1zi Egyh\u00e1zmegy\u00e9ben&#8230;<\/p>\n","protected":false},"author":2,"featured_media":0,"comment_status":"closed","ping_status":"open","sticky":false,"template":"","format":"standard","meta":[],"categories":[5,1,9],"tags":[],"_links":{"self":[{"href":"https:\/\/szentistvan.dnyem.hu\/index.php?rest_route=\/wp\/v2\/posts\/6237"}],"collection":[{"href":"https:\/\/szentistvan.dnyem.hu\/index.php?rest_route=\/wp\/v2\/posts"}],"about":[{"href":"https:\/\/szentistvan.dnyem.hu\/index.php?rest_route=\/wp\/v2\/types\/post"}],"author":[{"embeddable":true,"href":"https:\/\/szentistvan.dnyem.hu\/index.php?rest_route=\/wp\/v2\/users\/2"}],"replies":[{"embeddable":true,"href":"https:\/\/szentistvan.dnyem.hu\/index.php?rest_route=%2Fwp%2Fv2%2Fcomments&post=6237"}],"version-history":[{"count":1,"href":"https:\/\/szentistvan.dnyem.hu\/index.php?rest_route=\/wp\/v2\/posts\/6237\/revisions"}],"predecessor-version":[{"id":6238,"href":"https:\/\/szentistvan.dnyem.hu\/index.php?rest_route=\/wp\/v2\/posts\/6237\/revisions\/6238"}],"wp:attachment":[{"href":"https:\/\/szentistvan.dnyem.hu\/index.php?rest_route=%2Fwp%2Fv2%2Fmedia&parent=6237"}],"wp:term":[{"taxonomy":"category","embeddable":true,"href":"https:\/\/szentistvan.dnyem.hu\/index.php?rest_route=%2Fwp%2Fv2%2Fcategories&post=6237"},{"taxonomy":"post_tag","embeddable":true,"href":"https:\/\/szentistvan.dnyem.hu\/index.php?rest_route=%2Fwp%2Fv2%2Ftags&post=6237"}],"curies":[{"name":"wp","href":"https:\/\/api.w.org\/{rel}","templated":true}]}}