{"id":6225,"date":"2025-04-30T22:49:50","date_gmt":"2025-04-30T20:49:50","guid":{"rendered":"https:\/\/szentistvan.dnyem.hu\/?p=6225"},"modified":"2025-04-30T22:49:50","modified_gmt":"2025-04-30T20:49:50","slug":"nev-es-szuletesnapi-koszonto-2","status":"publish","type":"post","link":"https:\/\/szentistvan.dnyem.hu\/?p=6225","title":{"rendered":"N\u00e9v- \u00e9s sz\u00fclet\u00e9snapi k\u00f6sz\u00f6nt\u0151"},"content":{"rendered":"\n<p>Szeretettel k\u00f6sz\u00f6nt\u00f6m azokat, akik e h\u00e9ten \u00fcnneplik n\u00e9v- vagy sz\u00fclet\u00e9snapjukat. Isten \u00e9ltesse \u0151ket \u00f6v\u00e9ik \u00f6r\u00f6m\u00e9re!<\/p>\n","protected":false},"excerpt":{"rendered":"<p>Szeretettel k\u00f6sz\u00f6nt\u00f6m azokat, akik e h\u00e9ten \u00fcnneplik n\u00e9v- vagy sz\u00fclet\u00e9snapjukat. Isten \u00e9ltesse \u0151ket \u00f6v\u00e9ik \u00f6r\u00f6m\u00e9re!<\/p>\n","protected":false},"author":2,"featured_media":0,"comment_status":"closed","ping_status":"open","sticky":false,"template":"","format":"standard","meta":[],"categories":[1,9],"tags":[],"_links":{"self":[{"href":"https:\/\/szentistvan.dnyem.hu\/index.php?rest_route=\/wp\/v2\/posts\/6225"}],"collection":[{"href":"https:\/\/szentistvan.dnyem.hu\/index.php?rest_route=\/wp\/v2\/posts"}],"about":[{"href":"https:\/\/szentistvan.dnyem.hu\/index.php?rest_route=\/wp\/v2\/types\/post"}],"author":[{"embeddable":true,"href":"https:\/\/szentistvan.dnyem.hu\/index.php?rest_route=\/wp\/v2\/users\/2"}],"replies":[{"embeddable":true,"href":"https:\/\/szentistvan.dnyem.hu\/index.php?rest_route=%2Fwp%2Fv2%2Fcomments&post=6225"}],"version-history":[{"count":1,"href":"https:\/\/szentistvan.dnyem.hu\/index.php?rest_route=\/wp\/v2\/posts\/6225\/revisions"}],"predecessor-version":[{"id":6226,"href":"https:\/\/szentistvan.dnyem.hu\/index.php?rest_route=\/wp\/v2\/posts\/6225\/revisions\/6226"}],"wp:attachment":[{"href":"https:\/\/szentistvan.dnyem.hu\/index.php?rest_route=%2Fwp%2Fv2%2Fmedia&parent=6225"}],"wp:term":[{"taxonomy":"category","embeddable":true,"href":"https:\/\/szentistvan.dnyem.hu\/index.php?rest_route=%2Fwp%2Fv2%2Fcategories&post=6225"},{"taxonomy":"post_tag","embeddable":true,"href":"https:\/\/szentistvan.dnyem.hu\/index.php?rest_route=%2Fwp%2Fv2%2Ftags&post=6225"}],"curies":[{"name":"wp","href":"https:\/\/api.w.org\/{rel}","templated":true}]}}