{"id":6223,"date":"2025-04-30T22:47:33","date_gmt":"2025-04-30T20:47:33","guid":{"rendered":"https:\/\/szentistvan.dnyem.hu\/?p=6223"},"modified":"2025-04-30T22:47:33","modified_gmt":"2025-04-30T20:47:33","slug":"szja-1-1","status":"publish","type":"post","link":"https:\/\/szentistvan.dnyem.hu\/?p=6223","title":{"rendered":"SZJA 1 + 1 %"},"content":{"rendered":"\n<p>A szem\u00e9lyi j\u00f6vedelemad\u00f3 bevall\u00e1s\u00e1nak id\u0151szak\u00e1ban az 1%-os rendelkez\u00e9sekre h\u00edvjuk fel a Kedves Testv\u00e9rek figyelm\u00e9t. Az 1% felaj\u00e1nl\u00e1sa nem ker\u00fcl k\u00fcl\u00f6n p\u00e9nzbe h\u00edveinknek, de ha elmulasztj\u00e1k felaj\u00e1nlani a katolikus egyh\u00e1znak, akkor cs\u00f6kken a t\u00e1mogat\u00e1sunk \u00f6sszege az \u00e1llami k\u00f6lts\u00e9gvet\u00e9sb\u0151l.<\/p>\n\n\n\n<p>A technikai sz\u00e1mra vonatkoz\u00f3 el\u0151z\u0151 \u00e9vi rendelkez\u00e9s (0011 &#8211; Magyar Katolikus Egyh\u00e1z) visszavon\u00e1sig \u00e9rv\u00e9nyben van, \u00edgy teh\u00e1t aki nem akar v\u00e1ltoztatni tavalyi felaj\u00e1nl\u00e1s\u00e1nak kedvezm\u00e9nyezettj\u00e9n, nem kell \u00faj nyilatkozatot beny\u00fajtania. A m\u00e1sodik 1%-r\u00f3l viszont minden \u00e9vben \u00fajra kell nyilatkoznunk.<\/p>\n\n\n\n<p>Akiknek csal\u00e1di ad\u00f3kedvezm\u00e9ny miatt nincs fizetend\u0151 ad\u00f3juk, azok is nyilatkozatot tehetnek az 1%-r\u00f3l egyh\u00e1zunk jav\u00e1ra. A t\u00e1mogat\u00e1s sz\u00e9toszt\u00e1sakor ugyanis figyelembe veszik a nyilatkozattev\u0151k l\u00e9tsz\u00e1m\u00e1t.<\/p>\n","protected":false},"excerpt":{"rendered":"<p>A szem\u00e9lyi j\u00f6vedelemad\u00f3 bevall\u00e1s\u00e1nak id\u0151szak\u00e1ban az 1%-os rendelkez\u00e9sekre h\u00edvjuk fel a Kedves Testv\u00e9rek figyelm\u00e9t. Az 1% felaj\u00e1nl\u00e1sa nem ker\u00fcl k\u00fcl\u00f6n p\u00e9nzbe h\u00edveinknek, de ha elmulasztj\u00e1k&#8230;<\/p>\n","protected":false},"author":2,"featured_media":0,"comment_status":"closed","ping_status":"open","sticky":false,"template":"","format":"standard","meta":[],"categories":[1],"tags":[],"_links":{"self":[{"href":"https:\/\/szentistvan.dnyem.hu\/index.php?rest_route=\/wp\/v2\/posts\/6223"}],"collection":[{"href":"https:\/\/szentistvan.dnyem.hu\/index.php?rest_route=\/wp\/v2\/posts"}],"about":[{"href":"https:\/\/szentistvan.dnyem.hu\/index.php?rest_route=\/wp\/v2\/types\/post"}],"author":[{"embeddable":true,"href":"https:\/\/szentistvan.dnyem.hu\/index.php?rest_route=\/wp\/v2\/users\/2"}],"replies":[{"embeddable":true,"href":"https:\/\/szentistvan.dnyem.hu\/index.php?rest_route=%2Fwp%2Fv2%2Fcomments&post=6223"}],"version-history":[{"count":1,"href":"https:\/\/szentistvan.dnyem.hu\/index.php?rest_route=\/wp\/v2\/posts\/6223\/revisions"}],"predecessor-version":[{"id":6224,"href":"https:\/\/szentistvan.dnyem.hu\/index.php?rest_route=\/wp\/v2\/posts\/6223\/revisions\/6224"}],"wp:attachment":[{"href":"https:\/\/szentistvan.dnyem.hu\/index.php?rest_route=%2Fwp%2Fv2%2Fmedia&parent=6223"}],"wp:term":[{"taxonomy":"category","embeddable":true,"href":"https:\/\/szentistvan.dnyem.hu\/index.php?rest_route=%2Fwp%2Fv2%2Fcategories&post=6223"},{"taxonomy":"post_tag","embeddable":true,"href":"https:\/\/szentistvan.dnyem.hu\/index.php?rest_route=%2Fwp%2Fv2%2Ftags&post=6223"}],"curies":[{"name":"wp","href":"https:\/\/api.w.org\/{rel}","templated":true}]}}