{"id":6183,"date":"2025-04-07T21:39:48","date_gmt":"2025-04-07T19:39:48","guid":{"rendered":"https:\/\/szentistvan.dnyem.hu\/?p=6183"},"modified":"2025-04-07T21:39:48","modified_gmt":"2025-04-07T19:39:48","slug":"nagyheti-es-husveti-hiteleti-programtar","status":"publish","type":"post","link":"https:\/\/szentistvan.dnyem.hu\/?p=6183","title":{"rendered":"Nagyheti \u00e9s h\u00fasv\u00e9ti hit\u00e9leti programt\u00e1r"},"content":{"rendered":"\n<figure class=\"wp-block-table\"><table><tbody><tr><td><strong>Nagycs\u00fct\u00f6rt\u00f6k<\/strong><\/td><td><strong>18:00-t\u00f3l szentmise az utols\u00f3 vacsora eml\u00e9k\u00e9re, majd virraszt\u00e1s.<\/strong> Akik erre alkalomhoz ill\u0151 elm\u00e9lked\u00e9st vagy im\u00e1ds\u00e1got hozn\u00e1nak, iratkozzanak fel a sz\u00e9lfog\u00f3ban tal\u00e1lhat\u00f3 lapra<\/td><\/tr><tr><td><strong>Nagyp\u00e9ntek<\/strong><br>(szigor\u00fa b\u00f6jt<\/td><td><strong>14:45-t\u0151l kezd\u0151dik az Isteni Irgalmass\u00e1g kilenced, \u00e9s feh\u00e9rvas\u00e1rnap fejez\u0151dik be.<br>15:00-t\u00f3l Urunk szenved\u00e9s\u00e9nek \u00fcnnepl\u00e9se.<\/strong><br>A szents\u00edr\u0151rz\u00e9s egy-egy \u00f3r\u00e1j\u00e1hoz iratkozzanak fel a sz\u00e9lfog\u00f3ban tal\u00e1lhat\u00f3 lapra.<\/td><\/tr><tr><td><strong>Nagyszombat<\/strong><\/td><td><strong>9.00-t\u00f3l szents\u00edrl\u00e1togat\u00e1s.<\/strong><br>A szents\u00edr\u0151rz\u00e9s egy-egy \u00f3r\u00e1j\u00e1hoz iratkozzanak fel a sz\u00e9lfog\u00f3ban tal\u00e1lhat\u00f3 lapra.<br><strong>20:00-t\u00f3l h\u00fasv\u00e9ti vig\u00edlia \u00e9s k\u00f6rmenet<\/strong><\/td><\/tr><tr><td><strong>H\u00daSV\u00c9TVAS\u00c1RNAP<\/strong><\/td><td><strong>9:00-t\u00f3l szentmise \u00e9s \u00e9telszentel\u00e9s<\/strong><\/td><\/tr><tr><td><strong>H\u00daSV\u00c9TH\u00c9TF\u0150<\/strong><\/td><td><strong>9:00-t\u00f3l szentmise<\/strong><\/td><\/tr><\/tbody><\/table><\/figure>\n","protected":false},"excerpt":{"rendered":"<p>Nagycs\u00fct\u00f6rt\u00f6k 18:00-t\u00f3l szentmise az utols\u00f3 vacsora eml\u00e9k\u00e9re, majd virraszt\u00e1s. Akik erre alkalomhoz ill\u0151 elm\u00e9lked\u00e9st vagy im\u00e1ds\u00e1got hozn\u00e1nak, iratkozzanak fel a sz\u00e9lfog\u00f3ban tal\u00e1lhat\u00f3 lapra Nagyp\u00e9ntek(szigor\u00fa b\u00f6jt&#8230;<\/p>\n","protected":false},"author":2,"featured_media":0,"comment_status":"closed","ping_status":"open","sticky":false,"template":"","format":"standard","meta":[],"categories":[1,9,2],"tags":[],"_links":{"self":[{"href":"https:\/\/szentistvan.dnyem.hu\/index.php?rest_route=\/wp\/v2\/posts\/6183"}],"collection":[{"href":"https:\/\/szentistvan.dnyem.hu\/index.php?rest_route=\/wp\/v2\/posts"}],"about":[{"href":"https:\/\/szentistvan.dnyem.hu\/index.php?rest_route=\/wp\/v2\/types\/post"}],"author":[{"embeddable":true,"href":"https:\/\/szentistvan.dnyem.hu\/index.php?rest_route=\/wp\/v2\/users\/2"}],"replies":[{"embeddable":true,"href":"https:\/\/szentistvan.dnyem.hu\/index.php?rest_route=%2Fwp%2Fv2%2Fcomments&post=6183"}],"version-history":[{"count":1,"href":"https:\/\/szentistvan.dnyem.hu\/index.php?rest_route=\/wp\/v2\/posts\/6183\/revisions"}],"predecessor-version":[{"id":6184,"href":"https:\/\/szentistvan.dnyem.hu\/index.php?rest_route=\/wp\/v2\/posts\/6183\/revisions\/6184"}],"wp:attachment":[{"href":"https:\/\/szentistvan.dnyem.hu\/index.php?rest_route=%2Fwp%2Fv2%2Fmedia&parent=6183"}],"wp:term":[{"taxonomy":"category","embeddable":true,"href":"https:\/\/szentistvan.dnyem.hu\/index.php?rest_route=%2Fwp%2Fv2%2Fcategories&post=6183"},{"taxonomy":"post_tag","embeddable":true,"href":"https:\/\/szentistvan.dnyem.hu\/index.php?rest_route=%2Fwp%2Fv2%2Ftags&post=6183"}],"curies":[{"name":"wp","href":"https:\/\/api.w.org\/{rel}","templated":true}]}}