{"id":6140,"date":"2025-03-18T23:56:33","date_gmt":"2025-03-18T21:56:33","guid":{"rendered":"https:\/\/szentistvan.dnyem.hu\/?p=6140"},"modified":"2025-03-18T23:56:33","modified_gmt":"2025-03-18T21:56:33","slug":"korlevel","status":"publish","type":"post","link":"https:\/\/szentistvan.dnyem.hu\/?p=6140","title":{"rendered":"K\u00f6rlev\u00e9l"},"content":{"rendered":"\n<p><strong>A Magyar Katolikus P\u00fcsp\u00f6ki Konferencia k\u00f6rlevele a 2025. \u00e9vi nagyb\u00f6jti tart\u00f3s\u00e9lelmiszer-gy\u0171jt\u00e9sr\u0151l<\/strong><\/p>\n\n\n\n<p>Kedves Testv\u00e9rek!<\/p>\n\n\n\n<p>A Szent\u00e9v mott\u00f3j\u00e1nak megfelel\u0151en a rem\u00e9ny zar\u00e1ndokaik\u00e9nt j\u00e1rjuk v\u00e9gig idei nagyb\u00f6jti utunkat. Szeretn\u00e9nk meger\u0151s\u00edteni hit\u00fcnket \u00e9s szem\u00e9lyes kapcsolatunkat J\u00e9zus Krisztussal, aki a megv\u00e1lt\u00e1s miszt\u00e9rium\u00e1t adta nek\u00fcnk. Ezen a zar\u00e1ndok\u00faton nem csak nek\u00fcnk kell k\u00f6zelebb ker\u00fclni Istenhez, hanem m\u00e1sokat is magunkkal kell h\u00edvni. A szent\u00e9v log\u00f3ja j\u00f3l \u00f6sszefoglalja feladatunkat: egym\u00e1st \u00e1t\u00f6lelve Krisztusba kapaszkodunk, aki megv\u00e9d minket a viharok idej\u00e9n is, hiszen a rem\u00e9ny\u00fcnket jelent\u0151 horgony biztosan megtart mindenkit.<\/p>\n\n\n\n<p>A szent\u00e9v log\u00f3j\u00e1ban szerepl\u0151 piros alak a szeretetet, a cselekv\u00e9st \u00e9s a javakban val\u00f3 osztoz\u00e1st jelk\u00e9pezve h\u00edvja fel figyelm\u00fcnket az idei nagyb\u00f6jti tart\u00f3s\u00e9lelmiszer-gy\u0171jt\u00e9sre. B\u00edztatunk mindenkit, hogy a szent\u00e9vben \u2013 lehet\u0151s\u00e9ge szerint \u2013 j\u00e1ruljon hozz\u00e1 a Katolikus Egyh\u00e1z seg\u00e9lyakci\u00f3j\u00e1hoz \u00e9s ez\u00e1ltal maga v\u00e1ljon a rem\u00e9ny ember\u00e9v\u00e9! Erre holnapt\u00f3l m\u00e1rcius 30-ig ny\u00edlik lehet\u0151s\u00e9g\u00fcnk. A gy\u0171jt\u00e9s j\u00f3 alkalom lehet arra is, hogy \u2013 ahol m\u00e9g nincs pl\u00e9b\u00e1niai karit\u00e1sz csoport \u2013 alkalmi seg\u00edt\u0151csoportok alakuljanak az egyh\u00e1zk\u00f6zs\u00e9gekben.<\/p>\n\n\n\n<p>Az \u00f6sszegy\u0171jt\u00f6tt \u00e9lelmiszerek nemcsak t\u00e1pl\u00e1l\u00e9kot jelentenek, hanem a rem\u00e9ny \u00fczenet\u00e9t is viszik magukkal, a Gondvisel\u0151 Isten szeretet\u00e9nek k\u00e9zzelfoghat\u00f3 jel\u00e9t a n\u00e9lk\u00fcl\u00f6z\u0151 csal\u00e1dokba. A kor\u00e1bbi \u00e9vekben a h\u00edvek adom\u00e1nyaib\u00f3l \u00f6ssze\u00e1ll\u00edtott seg\u00e9lycsomagokkal csal\u00e1dok ezreit tudtuk seg\u00edteni. A seg\u00e9lyakci\u00f3ba a 1356-os telefonos adom\u00e1nyvonalon is bekapcsol\u00f3dhatunk: h\u00edv\u00e1sonk\u00e9nt 500 forinttal seg\u00edt\u00fcnk. A legkisebb adom\u00e1nyokat is h\u00e1l\u00e1san k\u00f6sz\u00f6nj\u00fck.<\/p>\n\n\n\n<p>Kelt: Budapest, 2025. nagyb\u00f6jt 2. vas\u00e1rnapj\u00e1n<\/p>\n\n\n\n<p>a Magyar Katolikus P\u00fcsp\u00f6ki Konferencia<\/p>\n","protected":false},"excerpt":{"rendered":"<p>A Magyar Katolikus P\u00fcsp\u00f6ki Konferencia k\u00f6rlevele a 2025. \u00e9vi nagyb\u00f6jti tart\u00f3s\u00e9lelmiszer-gy\u0171jt\u00e9sr\u0151l Kedves Testv\u00e9rek! A Szent\u00e9v mott\u00f3j\u00e1nak megfelel\u0151en a rem\u00e9ny zar\u00e1ndokaik\u00e9nt j\u00e1rjuk v\u00e9gig idei nagyb\u00f6jti utunkat&#8230;.<\/p>\n","protected":false},"author":2,"featured_media":0,"comment_status":"closed","ping_status":"open","sticky":false,"template":"","format":"standard","meta":[],"categories":[1,7],"tags":[],"_links":{"self":[{"href":"https:\/\/szentistvan.dnyem.hu\/index.php?rest_route=\/wp\/v2\/posts\/6140"}],"collection":[{"href":"https:\/\/szentistvan.dnyem.hu\/index.php?rest_route=\/wp\/v2\/posts"}],"about":[{"href":"https:\/\/szentistvan.dnyem.hu\/index.php?rest_route=\/wp\/v2\/types\/post"}],"author":[{"embeddable":true,"href":"https:\/\/szentistvan.dnyem.hu\/index.php?rest_route=\/wp\/v2\/users\/2"}],"replies":[{"embeddable":true,"href":"https:\/\/szentistvan.dnyem.hu\/index.php?rest_route=%2Fwp%2Fv2%2Fcomments&post=6140"}],"version-history":[{"count":1,"href":"https:\/\/szentistvan.dnyem.hu\/index.php?rest_route=\/wp\/v2\/posts\/6140\/revisions"}],"predecessor-version":[{"id":6141,"href":"https:\/\/szentistvan.dnyem.hu\/index.php?rest_route=\/wp\/v2\/posts\/6140\/revisions\/6141"}],"wp:attachment":[{"href":"https:\/\/szentistvan.dnyem.hu\/index.php?rest_route=%2Fwp%2Fv2%2Fmedia&parent=6140"}],"wp:term":[{"taxonomy":"category","embeddable":true,"href":"https:\/\/szentistvan.dnyem.hu\/index.php?rest_route=%2Fwp%2Fv2%2Fcategories&post=6140"},{"taxonomy":"post_tag","embeddable":true,"href":"https:\/\/szentistvan.dnyem.hu\/index.php?rest_route=%2Fwp%2Fv2%2Ftags&post=6140"}],"curies":[{"name":"wp","href":"https:\/\/api.w.org\/{rel}","templated":true}]}}