{"id":6112,"date":"2025-03-08T23:42:40","date_gmt":"2025-03-08T21:42:40","guid":{"rendered":"https:\/\/szentistvan.dnyem.hu\/?p=6112"},"modified":"2025-03-08T23:42:40","modified_gmt":"2025-03-08T21:42:40","slug":"filmklub-3","status":"publish","type":"post","link":"https:\/\/szentistvan.dnyem.hu\/?p=6112","title":{"rendered":"Filmklub"},"content":{"rendered":"\n<p><strong>M\u00e1rcius 11-\u00e9n (kedden)<\/strong> <strong>18 \u00f3r\u00e1t\u00f3l <\/strong>folytat\u00f3dik a filmklub a <strong>Varga utca 3. sz\u00e1m alatti Kateketikai K\u00f6zpontban<\/strong>. Megn\u00e9zz\u00fck a 2001-ben k\u00e9sz\u00fclt <a href=\"https:\/\/videa.hu\/videok\/film-animacio\/hitetlen-tamas-film-animacio-Pm2oSgQTU9tHxbur\" target=\"_blank\" rel=\"noreferrer noopener\"><strong>Hitetlen Tam\u00e1s\u00a0<\/strong>c\u00edm\u0171 olasz filmet<\/a>. A filmvet\u00edt\u00e9st besz\u00e9lget\u00e9s k\u00f6veti a l\u00e1tottakr\u00f3l.<\/p>\n","protected":false},"excerpt":{"rendered":"<p>M\u00e1rcius 11-\u00e9n (kedden) 18 \u00f3r\u00e1t\u00f3l folytat\u00f3dik a filmklub a Varga utca 3. sz\u00e1m alatti Kateketikai K\u00f6zpontban. Megn\u00e9zz\u00fck a 2001-ben k\u00e9sz\u00fclt Hitetlen Tam\u00e1s\u00a0c\u00edm\u0171 olasz filmet. A&#8230;<\/p>\n","protected":false},"author":2,"featured_media":0,"comment_status":"closed","ping_status":"open","sticky":false,"template":"","format":"standard","meta":[],"categories":[1,2],"tags":[],"_links":{"self":[{"href":"https:\/\/szentistvan.dnyem.hu\/index.php?rest_route=\/wp\/v2\/posts\/6112"}],"collection":[{"href":"https:\/\/szentistvan.dnyem.hu\/index.php?rest_route=\/wp\/v2\/posts"}],"about":[{"href":"https:\/\/szentistvan.dnyem.hu\/index.php?rest_route=\/wp\/v2\/types\/post"}],"author":[{"embeddable":true,"href":"https:\/\/szentistvan.dnyem.hu\/index.php?rest_route=\/wp\/v2\/users\/2"}],"replies":[{"embeddable":true,"href":"https:\/\/szentistvan.dnyem.hu\/index.php?rest_route=%2Fwp%2Fv2%2Fcomments&post=6112"}],"version-history":[{"count":1,"href":"https:\/\/szentistvan.dnyem.hu\/index.php?rest_route=\/wp\/v2\/posts\/6112\/revisions"}],"predecessor-version":[{"id":6113,"href":"https:\/\/szentistvan.dnyem.hu\/index.php?rest_route=\/wp\/v2\/posts\/6112\/revisions\/6113"}],"wp:attachment":[{"href":"https:\/\/szentistvan.dnyem.hu\/index.php?rest_route=%2Fwp%2Fv2%2Fmedia&parent=6112"}],"wp:term":[{"taxonomy":"category","embeddable":true,"href":"https:\/\/szentistvan.dnyem.hu\/index.php?rest_route=%2Fwp%2Fv2%2Fcategories&post=6112"},{"taxonomy":"post_tag","embeddable":true,"href":"https:\/\/szentistvan.dnyem.hu\/index.php?rest_route=%2Fwp%2Fv2%2Ftags&post=6112"}],"curies":[{"name":"wp","href":"https:\/\/api.w.org\/{rel}","templated":true}]}}