{"id":6097,"date":"2025-03-03T08:43:17","date_gmt":"2025-03-03T06:43:17","guid":{"rendered":"https:\/\/szentistvan.dnyem.hu\/?p=6097"},"modified":"2025-03-03T08:46:40","modified_gmt":"2025-03-03T06:46:40","slug":"elsopentek-2","status":"publish","type":"post","link":"https:\/\/szentistvan.dnyem.hu\/?p=6097","title":{"rendered":"Els\u0151p\u00e9ntek"},"content":{"rendered":"\n<p><a rel=\"noreferrer noopener\" href=\"https:\/\/lexikon.katolikus.hu\/E\/els%C5%91p%C3%A9ntek.html\" target=\"_blank\">Els\u0151p\u00e9nteken<\/a>, a <a rel=\"noreferrer noopener\" href=\"https:\/\/lexikon.katolikus.hu\/J\/J\u00e9zus%20Sz\u00edve-tisztelet.html\" target=\"_blank\">J\u00e9zus Sz\u00edve tisztelet<\/a> napj\u00e1n megl\u00e1togatom a betegeket.<br>Szint\u00e9n ezen a p\u00e9nteken <a rel=\"noreferrer noopener\" href=\"https:\/\/meot.hu\/index.php\/noi-m\/vilagimanap-2025-cook-szigetek\" target=\"_blank\">\u00f6kumenikus vil\u00e1gimanap<\/a> kezd\u0151dik 17:00 \u00f3rakor az evang\u00e9likus templomban (Mikl\u00f3s u. 3.)<\/p>\n","protected":false},"excerpt":{"rendered":"<p>Els\u0151p\u00e9nteken, a J\u00e9zus Sz\u00edve tisztelet napj\u00e1n megl\u00e1togatom a betegeket.Szint\u00e9n ezen a p\u00e9nteken \u00f6kumenikus vil\u00e1gimanap kezd\u0151dik 17:00 \u00f3rakor az evang\u00e9likus templomban (Mikl\u00f3s u. 3.)<\/p>\n","protected":false},"author":2,"featured_media":0,"comment_status":"closed","ping_status":"open","sticky":false,"template":"","format":"standard","meta":[],"categories":[1,9,2],"tags":[],"_links":{"self":[{"href":"https:\/\/szentistvan.dnyem.hu\/index.php?rest_route=\/wp\/v2\/posts\/6097"}],"collection":[{"href":"https:\/\/szentistvan.dnyem.hu\/index.php?rest_route=\/wp\/v2\/posts"}],"about":[{"href":"https:\/\/szentistvan.dnyem.hu\/index.php?rest_route=\/wp\/v2\/types\/post"}],"author":[{"embeddable":true,"href":"https:\/\/szentistvan.dnyem.hu\/index.php?rest_route=\/wp\/v2\/users\/2"}],"replies":[{"embeddable":true,"href":"https:\/\/szentistvan.dnyem.hu\/index.php?rest_route=%2Fwp%2Fv2%2Fcomments&post=6097"}],"version-history":[{"count":2,"href":"https:\/\/szentistvan.dnyem.hu\/index.php?rest_route=\/wp\/v2\/posts\/6097\/revisions"}],"predecessor-version":[{"id":6099,"href":"https:\/\/szentistvan.dnyem.hu\/index.php?rest_route=\/wp\/v2\/posts\/6097\/revisions\/6099"}],"wp:attachment":[{"href":"https:\/\/szentistvan.dnyem.hu\/index.php?rest_route=%2Fwp%2Fv2%2Fmedia&parent=6097"}],"wp:term":[{"taxonomy":"category","embeddable":true,"href":"https:\/\/szentistvan.dnyem.hu\/index.php?rest_route=%2Fwp%2Fv2%2Fcategories&post=6097"},{"taxonomy":"post_tag","embeddable":true,"href":"https:\/\/szentistvan.dnyem.hu\/index.php?rest_route=%2Fwp%2Fv2%2Ftags&post=6097"}],"curies":[{"name":"wp","href":"https:\/\/api.w.org\/{rel}","templated":true}]}}