{"id":6082,"date":"2025-02-26T00:24:45","date_gmt":"2025-02-25T22:24:45","guid":{"rendered":"https:\/\/szentistvan.dnyem.hu\/?p=6082"},"modified":"2025-03-03T08:16:31","modified_gmt":"2025-03-03T06:16:31","slug":"orszagos-gyujtes-4","status":"publish","type":"post","link":"https:\/\/szentistvan.dnyem.hu\/?p=6082","title":{"rendered":"Orsz\u00e1gos gy\u0171jt\u00e9s"},"content":{"rendered":"\n<p>A febru\u00e1r 23-\u00e1n, vas\u00e1rnap megtartott orsz\u00e1gos gy\u0171jt\u00e9st a katolikus iskol\u00e1k jav\u00e1ra templomunkban 77 640 Ft-ot eredm\u00e9nyezett, amelyet szeretettel k\u00f6sz\u00f6n\u00f6k meg a kedves h\u00edveknek. Szeretettel megk\u00f6sz\u00f6n\u00f6m a kedves h\u00edvek egyh\u00e1zmegyei fenntart\u00e1s\u00fa iskol\u00e1inknak ny\u00fajtott eddigi lelki \u00e9s anyagi t\u00e1mogat\u00e1s\u00e1t is. Iskol\u00e1ink sz\u00e1ma az elm\u00falt \u00e9vekben jelent\u0151sen n\u00f6vekedett. A 2024-2025-\u00f6s tan\u00e9vben 5700-n\u00e1l is t\u00f6bb gyermek katolikus nevel\u00e9s\u00e9r\u0151l \u00e9s sz\u00ednvonalas oktat\u00e1s\u00e1r\u00f3l gondoskodunk b\u00f6lcs\u0151d\u00e9inkben, \u00f3vod\u00e1inkban, \u00e1ltal\u00e1nos iskol\u00e1inkban, k\u00f6z\u00e9piskol\u00e1inkban \u00e9s koll\u00e9giumainkban. A 11 oktat\u00e1si k\u00f6zint\u00e9zm\u00e9ny\u00fcnk m\u0171k\u00f6dtet\u00e9se &#8211; az \u00e1llami normat\u00edv\u00e1k \u00e9s a nyertes p\u00e1ly\u00e1zatok mellett &#8211; egyre t\u00f6bb r\u00e1ford\u00edt\u00e1ssal j\u00e1r egyh\u00e1zmegy\u00e9nk r\u00e9sz\u00e9r\u0151l. Ehhez tov\u00e1bbra is k\u00e9rj\u00fck nagylelk\u0171 adom\u00e1nyukat.<\/p>\n","protected":false},"excerpt":{"rendered":"<p>A febru\u00e1r 23-\u00e1n, vas\u00e1rnap megtartott orsz\u00e1gos gy\u0171jt\u00e9st a katolikus iskol\u00e1k jav\u00e1ra templomunkban 77 640 Ft-ot eredm\u00e9nyezett, amelyet szeretettel k\u00f6sz\u00f6n\u00f6k meg a kedves h\u00edveknek. Szeretettel megk\u00f6sz\u00f6n\u00f6m&#8230;<\/p>\n","protected":false},"author":2,"featured_media":0,"comment_status":"closed","ping_status":"open","sticky":false,"template":"","format":"standard","meta":[],"categories":[5,1],"tags":[],"_links":{"self":[{"href":"https:\/\/szentistvan.dnyem.hu\/index.php?rest_route=\/wp\/v2\/posts\/6082"}],"collection":[{"href":"https:\/\/szentistvan.dnyem.hu\/index.php?rest_route=\/wp\/v2\/posts"}],"about":[{"href":"https:\/\/szentistvan.dnyem.hu\/index.php?rest_route=\/wp\/v2\/types\/post"}],"author":[{"embeddable":true,"href":"https:\/\/szentistvan.dnyem.hu\/index.php?rest_route=\/wp\/v2\/users\/2"}],"replies":[{"embeddable":true,"href":"https:\/\/szentistvan.dnyem.hu\/index.php?rest_route=%2Fwp%2Fv2%2Fcomments&post=6082"}],"version-history":[{"count":2,"href":"https:\/\/szentistvan.dnyem.hu\/index.php?rest_route=\/wp\/v2\/posts\/6082\/revisions"}],"predecessor-version":[{"id":6092,"href":"https:\/\/szentistvan.dnyem.hu\/index.php?rest_route=\/wp\/v2\/posts\/6082\/revisions\/6092"}],"wp:attachment":[{"href":"https:\/\/szentistvan.dnyem.hu\/index.php?rest_route=%2Fwp%2Fv2%2Fmedia&parent=6082"}],"wp:term":[{"taxonomy":"category","embeddable":true,"href":"https:\/\/szentistvan.dnyem.hu\/index.php?rest_route=%2Fwp%2Fv2%2Fcategories&post=6082"},{"taxonomy":"post_tag","embeddable":true,"href":"https:\/\/szentistvan.dnyem.hu\/index.php?rest_route=%2Fwp%2Fv2%2Ftags&post=6082"}],"curies":[{"name":"wp","href":"https:\/\/api.w.org\/{rel}","templated":true}]}}