{"id":6052,"date":"2025-01-26T19:18:02","date_gmt":"2025-01-26T17:18:02","guid":{"rendered":"https:\/\/szentistvan.dnyem.hu\/?p=6052"},"modified":"2025-01-26T19:18:02","modified_gmt":"2025-01-26T17:18:02","slug":"jotekonysagi-koncert-3","status":"publish","type":"post","link":"https:\/\/szentistvan.dnyem.hu\/?p=6052","title":{"rendered":"J\u00f3t\u00e9konys\u00e1gi koncert"},"content":{"rendered":"\n<p><strong>Febru\u00e1r 1-j\u00e9n (szombaton) 19:00-t\u00f3l j\u00f3t\u00e9konys\u00e1gi koncert kezd\u0151dik a Szent Anna sz\u00e9kesegyh\u00e1zban a debreceni Szenth\u00e1roms\u00e1g Magyar Ortodox Egyh\u00e1zk\u00f6zs\u00e9g k\u00f6z\u00f6ss\u00e9gi term\u00e9nek fel\u00e9p\u00edt\u00e9s\u00e9\u00e9rt. <\/strong><\/p>\n\n\n\n<p><strong>\u00c9nekelni fog a Szenth\u00e1roms\u00e1g magyar ortodox templom k\u00f3rusa. Vez\u00e9nyel: Sipos Barnab\u00e1s par\u00f3chus. K\u00f6zrem\u0171k\u00f6dik: Kocsis F\u00fcl\u00f6p g\u00f6r\u00f6gkatolikus \u00e9rsek-metropolita. <\/strong><\/p>\n\n\n\n<p><strong>A bel\u00e9p\u00e9s ingyenes, adom\u00e1nyokat k\u00f6sz\u00f6nettel fogadnak a helysz\u00ednen, vagy az OOE Szenth\u00e1roms\u00e1g Egyh\u00e1zk\u00f6zs\u00e9g: 10702019-19001119-51900001 sz\u00e1mlasz\u00e1mon.<\/strong><\/p>\n","protected":false},"excerpt":{"rendered":"<p>Febru\u00e1r 1-j\u00e9n (szombaton) 19:00-t\u00f3l j\u00f3t\u00e9konys\u00e1gi koncert kezd\u0151dik a Szent Anna sz\u00e9kesegyh\u00e1zban a debreceni Szenth\u00e1roms\u00e1g Magyar Ortodox Egyh\u00e1zk\u00f6zs\u00e9g k\u00f6z\u00f6ss\u00e9gi term\u00e9nek fel\u00e9p\u00edt\u00e9s\u00e9\u00e9rt. \u00c9nekelni fog a Szenth\u00e1roms\u00e1g magyar&#8230;<\/p>\n","protected":false},"author":2,"featured_media":0,"comment_status":"closed","ping_status":"open","sticky":false,"template":"","format":"standard","meta":[],"categories":[1,9,2],"tags":[],"_links":{"self":[{"href":"https:\/\/szentistvan.dnyem.hu\/index.php?rest_route=\/wp\/v2\/posts\/6052"}],"collection":[{"href":"https:\/\/szentistvan.dnyem.hu\/index.php?rest_route=\/wp\/v2\/posts"}],"about":[{"href":"https:\/\/szentistvan.dnyem.hu\/index.php?rest_route=\/wp\/v2\/types\/post"}],"author":[{"embeddable":true,"href":"https:\/\/szentistvan.dnyem.hu\/index.php?rest_route=\/wp\/v2\/users\/2"}],"replies":[{"embeddable":true,"href":"https:\/\/szentistvan.dnyem.hu\/index.php?rest_route=%2Fwp%2Fv2%2Fcomments&post=6052"}],"version-history":[{"count":1,"href":"https:\/\/szentistvan.dnyem.hu\/index.php?rest_route=\/wp\/v2\/posts\/6052\/revisions"}],"predecessor-version":[{"id":6053,"href":"https:\/\/szentistvan.dnyem.hu\/index.php?rest_route=\/wp\/v2\/posts\/6052\/revisions\/6053"}],"wp:attachment":[{"href":"https:\/\/szentistvan.dnyem.hu\/index.php?rest_route=%2Fwp%2Fv2%2Fmedia&parent=6052"}],"wp:term":[{"taxonomy":"category","embeddable":true,"href":"https:\/\/szentistvan.dnyem.hu\/index.php?rest_route=%2Fwp%2Fv2%2Fcategories&post=6052"},{"taxonomy":"post_tag","embeddable":true,"href":"https:\/\/szentistvan.dnyem.hu\/index.php?rest_route=%2Fwp%2Fv2%2Ftags&post=6052"}],"curies":[{"name":"wp","href":"https:\/\/api.w.org\/{rel}","templated":true}]}}