{"id":6032,"date":"2025-01-18T10:53:10","date_gmt":"2025-01-18T08:53:10","guid":{"rendered":"https:\/\/szentistvan.dnyem.hu\/?p=6032"},"modified":"2025-01-18T10:53:10","modified_gmt":"2025-01-18T08:53:10","slug":"orgonakoncert-4","status":"publish","type":"post","link":"https:\/\/szentistvan.dnyem.hu\/?p=6032","title":{"rendered":"Orgonakoncert"},"content":{"rendered":"\n<p><strong>Janu\u00e1r 19-\u00e9n, vas\u00e1rnap 19:00 \u00f3r\u00e1t\u00f3l P\u00e1l\u00far J\u00e1nosnak, a Zenem\u0171v\u00e9szeti Akad\u00e9mia tan\u00e1r\u00e1nak orgonakoncertj\u00e9n vehet\u00fcnk r\u00e9szt a sz\u00e9kesegyh\u00e1zban<\/strong><\/p>\n","protected":false},"excerpt":{"rendered":"<p>Janu\u00e1r 19-\u00e9n, vas\u00e1rnap 19:00 \u00f3r\u00e1t\u00f3l P\u00e1l\u00far J\u00e1nosnak, a Zenem\u0171v\u00e9szeti Akad\u00e9mia tan\u00e1r\u00e1nak orgonakoncertj\u00e9n vehet\u00fcnk r\u00e9szt a sz\u00e9kesegyh\u00e1zban<\/p>\n","protected":false},"author":2,"featured_media":0,"comment_status":"closed","ping_status":"open","sticky":false,"template":"","format":"standard","meta":[],"categories":[1,2],"tags":[],"_links":{"self":[{"href":"https:\/\/szentistvan.dnyem.hu\/index.php?rest_route=\/wp\/v2\/posts\/6032"}],"collection":[{"href":"https:\/\/szentistvan.dnyem.hu\/index.php?rest_route=\/wp\/v2\/posts"}],"about":[{"href":"https:\/\/szentistvan.dnyem.hu\/index.php?rest_route=\/wp\/v2\/types\/post"}],"author":[{"embeddable":true,"href":"https:\/\/szentistvan.dnyem.hu\/index.php?rest_route=\/wp\/v2\/users\/2"}],"replies":[{"embeddable":true,"href":"https:\/\/szentistvan.dnyem.hu\/index.php?rest_route=%2Fwp%2Fv2%2Fcomments&post=6032"}],"version-history":[{"count":1,"href":"https:\/\/szentistvan.dnyem.hu\/index.php?rest_route=\/wp\/v2\/posts\/6032\/revisions"}],"predecessor-version":[{"id":6033,"href":"https:\/\/szentistvan.dnyem.hu\/index.php?rest_route=\/wp\/v2\/posts\/6032\/revisions\/6033"}],"wp:attachment":[{"href":"https:\/\/szentistvan.dnyem.hu\/index.php?rest_route=%2Fwp%2Fv2%2Fmedia&parent=6032"}],"wp:term":[{"taxonomy":"category","embeddable":true,"href":"https:\/\/szentistvan.dnyem.hu\/index.php?rest_route=%2Fwp%2Fv2%2Fcategories&post=6032"},{"taxonomy":"post_tag","embeddable":true,"href":"https:\/\/szentistvan.dnyem.hu\/index.php?rest_route=%2Fwp%2Fv2%2Ftags&post=6032"}],"curies":[{"name":"wp","href":"https:\/\/api.w.org\/{rel}","templated":true}]}}