{"id":5954,"date":"2024-12-01T23:53:42","date_gmt":"2024-12-01T21:53:42","guid":{"rendered":"https:\/\/szentistvan.dnyem.hu\/?p=5954"},"modified":"2024-12-01T23:53:42","modified_gmt":"2024-12-01T21:53:42","slug":"adventi-filmes-delutan","status":"publish","type":"post","link":"https:\/\/szentistvan.dnyem.hu\/?p=5954","title":{"rendered":"Adventi filmes d\u00e9lut\u00e1n"},"content":{"rendered":"\n<p><strong>December 7-\u00e9n (szombaton), az adventi filmes d\u00e9lut\u00e1non az Apoll\u00f3 Moziban 16 \u00f3r\u00e1t\u00f3l megn\u00e9zz\u00fck az any\u00e1k megment\u0151j\u00e9r\u0151l, <a href=\"https:\/\/www.youtube.com\/watch?v=6QtnVYbB4ms\" target=\"_blank\" rel=\"noreferrer noopener\">Semmelweis Ign\u00e1c \u00e9let\u00e9r\u0151l sz\u00f3l\u00f3 magyar filmet<\/a>.<\/strong> A filmvet\u00edt\u00e9st besz\u00e9lget\u00e9s k\u00f6veti a l\u00e1tottakr\u00f3l. A film megtekint\u00e9se d\u00edjtalan. Mindenkit szeretettel v\u00e1runk.<\/p>\n","protected":false},"excerpt":{"rendered":"<p>December 7-\u00e9n (szombaton), az adventi filmes d\u00e9lut\u00e1non az Apoll\u00f3 Moziban 16 \u00f3r\u00e1t\u00f3l megn\u00e9zz\u00fck az any\u00e1k megment\u0151j\u00e9r\u0151l, Semmelweis Ign\u00e1c \u00e9let\u00e9r\u0151l sz\u00f3l\u00f3 magyar filmet. A filmvet\u00edt\u00e9st besz\u00e9lget\u00e9s&#8230;<\/p>\n","protected":false},"author":2,"featured_media":0,"comment_status":"closed","ping_status":"open","sticky":false,"template":"","format":"standard","meta":[],"categories":[1,2],"tags":[],"_links":{"self":[{"href":"https:\/\/szentistvan.dnyem.hu\/index.php?rest_route=\/wp\/v2\/posts\/5954"}],"collection":[{"href":"https:\/\/szentistvan.dnyem.hu\/index.php?rest_route=\/wp\/v2\/posts"}],"about":[{"href":"https:\/\/szentistvan.dnyem.hu\/index.php?rest_route=\/wp\/v2\/types\/post"}],"author":[{"embeddable":true,"href":"https:\/\/szentistvan.dnyem.hu\/index.php?rest_route=\/wp\/v2\/users\/2"}],"replies":[{"embeddable":true,"href":"https:\/\/szentistvan.dnyem.hu\/index.php?rest_route=%2Fwp%2Fv2%2Fcomments&post=5954"}],"version-history":[{"count":1,"href":"https:\/\/szentistvan.dnyem.hu\/index.php?rest_route=\/wp\/v2\/posts\/5954\/revisions"}],"predecessor-version":[{"id":5955,"href":"https:\/\/szentistvan.dnyem.hu\/index.php?rest_route=\/wp\/v2\/posts\/5954\/revisions\/5955"}],"wp:attachment":[{"href":"https:\/\/szentistvan.dnyem.hu\/index.php?rest_route=%2Fwp%2Fv2%2Fmedia&parent=5954"}],"wp:term":[{"taxonomy":"category","embeddable":true,"href":"https:\/\/szentistvan.dnyem.hu\/index.php?rest_route=%2Fwp%2Fv2%2Fcategories&post=5954"},{"taxonomy":"post_tag","embeddable":true,"href":"https:\/\/szentistvan.dnyem.hu\/index.php?rest_route=%2Fwp%2Fv2%2Ftags&post=5954"}],"curies":[{"name":"wp","href":"https:\/\/api.w.org\/{rel}","templated":true}]}}