{"id":5933,"date":"2024-11-21T00:14:49","date_gmt":"2024-11-20T22:14:49","guid":{"rendered":"https:\/\/szentistvan.dnyem.hu\/?p=5933"},"modified":"2024-11-21T00:14:49","modified_gmt":"2024-11-20T22:14:49","slug":"az-internetezok-fohasza","status":"publish","type":"post","link":"https:\/\/szentistvan.dnyem.hu\/?p=5933","title":{"rendered":"Az internetez\u0151k foh\u00e1sza"},"content":{"rendered":"\n<p>Mennyei Aty\u00e1m, h\u00e1l\u00e1san k\u00f6sz\u00f6n\u00f6m Neked a sz\u00e1m\u00edt\u00f3g\u00e9p \u00e9s a vil\u00e1gh\u00e1l\u00f3 haszn\u00e1lata \u00e1ltal ny\u00fajtott sok-sok \u00e9rt\u00e9kes lehet\u0151s\u00e9get. Adj elsz\u00e1nt c\u00e9ltudatoss\u00e1got, hogy \u00fagy b\u00e1njak ezekkel, ahogy Fiad, J\u00e9zus k\u00f6vet\u0151j\u00e9hez m\u00e9lt\u00f3. A fogyaszt\u00f3i t\u00e1rsadalom mentalit\u00e1s\u00e1val szemben Szentlelked tiszta templomak\u00e9nt sz\u00f3ban \u00e9s tettben szolg\u00e1ljam a sz\u00e9pet, a j\u00f3t, az igazat \u00e9s a szentet a vil\u00e1gh\u00e1l\u00f3n is, \u00e9s \u00edgy, kapcsolatban embert\u00e1rsaimmal, seg\u00edts\u00e9g\u00fckre lehessek \u00e9let\u00fck \u00e9rtelm\u00e9nek keres\u00e9s\u00e9ben, amely Te magad vagy mindny\u00e1junknak.<\/p>\n\n\n\n<p>Ne engedd, hogy a sz\u00e1m\u00edt\u00f3g\u00e9p m\u00f6g\u00e9 b\u00fajva csak magamra gondoljak \u00e9s magamnak \u00e9ljek. L\u00e9gy velem, hogy \u00e9n is veled lehessek. K\u00e9rlek, seg\u00edts, hogy \u00e9rdekl\u0151d\u00e9semet \u00e9s fant\u00e1zi\u00e1mat azon oldalak k\u00edn\u00e1lat\u00e1ra ir\u00e1ny\u00edtsam, amiben Neked is kedved telik. \u00c1men!<\/p>\n","protected":false},"excerpt":{"rendered":"<p>Mennyei Aty\u00e1m, h\u00e1l\u00e1san k\u00f6sz\u00f6n\u00f6m Neked a sz\u00e1m\u00edt\u00f3g\u00e9p \u00e9s a vil\u00e1gh\u00e1l\u00f3 haszn\u00e1lata \u00e1ltal ny\u00fajtott sok-sok \u00e9rt\u00e9kes lehet\u0151s\u00e9get. Adj elsz\u00e1nt c\u00e9ltudatoss\u00e1got, hogy \u00fagy b\u00e1njak ezekkel, ahogy Fiad,&#8230;<\/p>\n","protected":false},"author":2,"featured_media":0,"comment_status":"closed","ping_status":"open","sticky":false,"template":"","format":"standard","meta":[],"categories":[9],"tags":[],"_links":{"self":[{"href":"https:\/\/szentistvan.dnyem.hu\/index.php?rest_route=\/wp\/v2\/posts\/5933"}],"collection":[{"href":"https:\/\/szentistvan.dnyem.hu\/index.php?rest_route=\/wp\/v2\/posts"}],"about":[{"href":"https:\/\/szentistvan.dnyem.hu\/index.php?rest_route=\/wp\/v2\/types\/post"}],"author":[{"embeddable":true,"href":"https:\/\/szentistvan.dnyem.hu\/index.php?rest_route=\/wp\/v2\/users\/2"}],"replies":[{"embeddable":true,"href":"https:\/\/szentistvan.dnyem.hu\/index.php?rest_route=%2Fwp%2Fv2%2Fcomments&post=5933"}],"version-history":[{"count":1,"href":"https:\/\/szentistvan.dnyem.hu\/index.php?rest_route=\/wp\/v2\/posts\/5933\/revisions"}],"predecessor-version":[{"id":5934,"href":"https:\/\/szentistvan.dnyem.hu\/index.php?rest_route=\/wp\/v2\/posts\/5933\/revisions\/5934"}],"wp:attachment":[{"href":"https:\/\/szentistvan.dnyem.hu\/index.php?rest_route=%2Fwp%2Fv2%2Fmedia&parent=5933"}],"wp:term":[{"taxonomy":"category","embeddable":true,"href":"https:\/\/szentistvan.dnyem.hu\/index.php?rest_route=%2Fwp%2Fv2%2Fcategories&post=5933"},{"taxonomy":"post_tag","embeddable":true,"href":"https:\/\/szentistvan.dnyem.hu\/index.php?rest_route=%2Fwp%2Fv2%2Ftags&post=5933"}],"curies":[{"name":"wp","href":"https:\/\/api.w.org\/{rel}","templated":true}]}}