{"id":5928,"date":"2024-11-10T22:10:03","date_gmt":"2024-11-10T20:10:03","guid":{"rendered":"https:\/\/szentistvan.dnyem.hu\/?p=5928"},"modified":"2024-11-10T22:10:03","modified_gmt":"2024-11-10T20:10:03","slug":"cursillo","status":"publish","type":"post","link":"https:\/\/szentistvan.dnyem.hu\/?p=5928","title":{"rendered":"Cursillo"},"content":{"rendered":"\n<p>A <a href=\"https:\/\/cursillo.dnyem.hu\/index.php?option=com_content&amp;view=article&amp;id=9&amp;Itemid=204\" target=\"_blank\" rel=\"noreferrer noopener\">Debrecen-Ny\u00edregyh\u00e1zi Egyh\u00e1zmegye Cursillos k\u00f6z\u00f6ss\u00e9ge<\/a> szeretettel h\u00edvja azokat a testv\u00e9reinket, akik k\u00f6z\u00f6ss\u00e9gben szeretn\u00e9nek egy \u00e9letre sz\u00f3l\u00f3 hit\u00e9lm\u00e9nnyel gazdagodni. <strong>Az id\u00e9n a h\u00e1rom napos alkalom Ny\u00edrb\u00e1torban lesz, n\u0151knek november 21-24. k\u00f6z\u00f6tt, a f\u00e9rfiaknak november 28. \u00e9s dec. 1. k\u00f6z\u00f6tt. A program vezet\u0151i vil\u00e1gi kereszt\u00e9nyek. Jelentkezni lehet a hirdet\u0151n olvashat\u00f3 c\u00edmen 2024. november 18-ig.<\/strong><\/p>\n","protected":false},"excerpt":{"rendered":"<p>A Debrecen-Ny\u00edregyh\u00e1zi Egyh\u00e1zmegye Cursillos k\u00f6z\u00f6ss\u00e9ge szeretettel h\u00edvja azokat a testv\u00e9reinket, akik k\u00f6z\u00f6ss\u00e9gben szeretn\u00e9nek egy \u00e9letre sz\u00f3l\u00f3 hit\u00e9lm\u00e9nnyel gazdagodni. Az id\u00e9n a h\u00e1rom napos alkalom Ny\u00edrb\u00e1torban&#8230;<\/p>\n","protected":false},"author":2,"featured_media":0,"comment_status":"closed","ping_status":"open","sticky":false,"template":"","format":"standard","meta":[],"categories":[1,9,2],"tags":[],"_links":{"self":[{"href":"https:\/\/szentistvan.dnyem.hu\/index.php?rest_route=\/wp\/v2\/posts\/5928"}],"collection":[{"href":"https:\/\/szentistvan.dnyem.hu\/index.php?rest_route=\/wp\/v2\/posts"}],"about":[{"href":"https:\/\/szentistvan.dnyem.hu\/index.php?rest_route=\/wp\/v2\/types\/post"}],"author":[{"embeddable":true,"href":"https:\/\/szentistvan.dnyem.hu\/index.php?rest_route=\/wp\/v2\/users\/2"}],"replies":[{"embeddable":true,"href":"https:\/\/szentistvan.dnyem.hu\/index.php?rest_route=%2Fwp%2Fv2%2Fcomments&post=5928"}],"version-history":[{"count":1,"href":"https:\/\/szentistvan.dnyem.hu\/index.php?rest_route=\/wp\/v2\/posts\/5928\/revisions"}],"predecessor-version":[{"id":5929,"href":"https:\/\/szentistvan.dnyem.hu\/index.php?rest_route=\/wp\/v2\/posts\/5928\/revisions\/5929"}],"wp:attachment":[{"href":"https:\/\/szentistvan.dnyem.hu\/index.php?rest_route=%2Fwp%2Fv2%2Fmedia&parent=5928"}],"wp:term":[{"taxonomy":"category","embeddable":true,"href":"https:\/\/szentistvan.dnyem.hu\/index.php?rest_route=%2Fwp%2Fv2%2Fcategories&post=5928"},{"taxonomy":"post_tag","embeddable":true,"href":"https:\/\/szentistvan.dnyem.hu\/index.php?rest_route=%2Fwp%2Fv2%2Ftags&post=5928"}],"curies":[{"name":"wp","href":"https:\/\/api.w.org\/{rel}","templated":true}]}}