{"id":5868,"date":"2024-10-25T11:38:27","date_gmt":"2024-10-25T09:38:27","guid":{"rendered":"https:\/\/szentistvan.dnyem.hu\/?p=5868"},"modified":"2024-10-25T11:38:27","modified_gmt":"2024-10-25T09:38:27","slug":"szemlelodo-erdei-gyalogtura-2","status":"publish","type":"post","link":"https:\/\/szentistvan.dnyem.hu\/?p=5868","title":{"rendered":"Szeml\u00e9l\u0151d\u0151 erdei gyalogt\u00fara"},"content":{"rendered":"\n<p><strong>Okt\u00f3ber 26-\u00e1n, szombaton 14:30-t\u00f3l szeml\u00e9l\u0151d\u0151 erdei gyalogt\u00far\u00e1ra h\u00edvjuk minden koroszt\u00e1lybeli Testv\u00e9r\u00fcnket a Nagyerd\u0151re. Gy\u00fclekez\u0151 14:15-t\u0151l a k\u00f6ztemet\u0151 3-as kapuj\u00e1n\u00e1l.<\/strong><\/p>\n","protected":false},"excerpt":{"rendered":"<p>Okt\u00f3ber 26-\u00e1n, szombaton 14:30-t\u00f3l szeml\u00e9l\u0151d\u0151 erdei gyalogt\u00far\u00e1ra h\u00edvjuk minden koroszt\u00e1lybeli Testv\u00e9r\u00fcnket a Nagyerd\u0151re. Gy\u00fclekez\u0151 14:15-t\u0151l a k\u00f6ztemet\u0151 3-as kapuj\u00e1n\u00e1l.<\/p>\n","protected":false},"author":2,"featured_media":0,"comment_status":"closed","ping_status":"open","sticky":false,"template":"","format":"standard","meta":[],"categories":[1,2],"tags":[],"_links":{"self":[{"href":"https:\/\/szentistvan.dnyem.hu\/index.php?rest_route=\/wp\/v2\/posts\/5868"}],"collection":[{"href":"https:\/\/szentistvan.dnyem.hu\/index.php?rest_route=\/wp\/v2\/posts"}],"about":[{"href":"https:\/\/szentistvan.dnyem.hu\/index.php?rest_route=\/wp\/v2\/types\/post"}],"author":[{"embeddable":true,"href":"https:\/\/szentistvan.dnyem.hu\/index.php?rest_route=\/wp\/v2\/users\/2"}],"replies":[{"embeddable":true,"href":"https:\/\/szentistvan.dnyem.hu\/index.php?rest_route=%2Fwp%2Fv2%2Fcomments&post=5868"}],"version-history":[{"count":1,"href":"https:\/\/szentistvan.dnyem.hu\/index.php?rest_route=\/wp\/v2\/posts\/5868\/revisions"}],"predecessor-version":[{"id":5869,"href":"https:\/\/szentistvan.dnyem.hu\/index.php?rest_route=\/wp\/v2\/posts\/5868\/revisions\/5869"}],"wp:attachment":[{"href":"https:\/\/szentistvan.dnyem.hu\/index.php?rest_route=%2Fwp%2Fv2%2Fmedia&parent=5868"}],"wp:term":[{"taxonomy":"category","embeddable":true,"href":"https:\/\/szentistvan.dnyem.hu\/index.php?rest_route=%2Fwp%2Fv2%2Fcategories&post=5868"},{"taxonomy":"post_tag","embeddable":true,"href":"https:\/\/szentistvan.dnyem.hu\/index.php?rest_route=%2Fwp%2Fv2%2Ftags&post=5868"}],"curies":[{"name":"wp","href":"https:\/\/api.w.org\/{rel}","templated":true}]}}