{"id":5855,"date":"2024-10-27T18:31:00","date_gmt":"2024-10-27T16:31:00","guid":{"rendered":"https:\/\/szentistvan.dnyem.hu\/?p=5855"},"modified":"2024-10-27T19:39:07","modified_gmt":"2024-10-27T17:39:07","slug":"misszios-vasarnap-3","status":"publish","type":"post","link":"https:\/\/szentistvan.dnyem.hu\/?p=5855","title":{"rendered":"Misszi\u00f3s vas\u00e1rnap"},"content":{"rendered":"\n<p>A katolikus misszi\u00f3k v\u00e9d\u0151szentjei: <a rel=\"noreferrer noopener\" href=\"https:\/\/www.magyarkurir.hu\/hirek\/a-missziok-vedoszentje-azsia-apostola-xaveri-szent-ferenc-aldozopap\" target=\"_blank\">Xav\u00e9ri Szent Ferenc<\/a> (1506 &#8211; 1552) \u00e9s <a rel=\"noreferrer noopener\" href=\"https:\/\/www.vaticannews.va\/hu\/papa\/news\/2023-06\/ferenc-papa-kis-szent-terez-katekezis-missziok-vedoszentje.html\" target=\"_blank\">Lisieux-i Szent Ter\u00e9z<\/a> (1873 &#8211; 1897).<\/p>\n\n\n\n<p>Okt\u00f3ber 20-\u00e1n volt a <a rel=\"noreferrer noopener\" href=\"https:\/\/igenaptar.katolikus.hu\/nap\/index.php?holnap=2024-10-20\" target=\"_blank\">misszi\u00f3s vas\u00e1rnap<\/a>. Szolid\u00e1ris elk\u00f6telezetts\u00e9g\u00fcnket a misszi\u00f3k \u00fcgye mellett &#8211; az im\u00e1ds\u00e1g k\u00f6tel\u00e9keinek \u00e1pol\u00e1s\u00e1t tov\u00e1bbra is folytatva &#8211; most kifejezhett\u00fck nagylelk\u0171 perselyadom\u00e1nyainkkal is.<\/p>\n\n\n\n<p>A perselygy\u0171jt\u00e9s a misszi\u00f3k jav\u00e1ra \u2014 a Szt. Antal k\u00e1poln\u00e1val egy\u00fctt \u2014 76 650,- Ft-ot eredm\u00e9nyezett. K\u00f6sz\u00f6net illeti \u00e9rte a Kedves Testv\u00e9reket.<\/p>\n","protected":false},"excerpt":{"rendered":"<p>A katolikus misszi\u00f3k v\u00e9d\u0151szentjei: Xav\u00e9ri Szent Ferenc (1506 &#8211; 1552) \u00e9s Lisieux-i Szent Ter\u00e9z (1873 &#8211; 1897). Okt\u00f3ber 20-\u00e1n volt a misszi\u00f3s vas\u00e1rnap. Szolid\u00e1ris elk\u00f6telezetts\u00e9g\u00fcnket&#8230;<\/p>\n","protected":false},"author":2,"featured_media":0,"comment_status":"closed","ping_status":"open","sticky":false,"template":"","format":"standard","meta":[],"categories":[1,9,2],"tags":[],"_links":{"self":[{"href":"https:\/\/szentistvan.dnyem.hu\/index.php?rest_route=\/wp\/v2\/posts\/5855"}],"collection":[{"href":"https:\/\/szentistvan.dnyem.hu\/index.php?rest_route=\/wp\/v2\/posts"}],"about":[{"href":"https:\/\/szentistvan.dnyem.hu\/index.php?rest_route=\/wp\/v2\/types\/post"}],"author":[{"embeddable":true,"href":"https:\/\/szentistvan.dnyem.hu\/index.php?rest_route=\/wp\/v2\/users\/2"}],"replies":[{"embeddable":true,"href":"https:\/\/szentistvan.dnyem.hu\/index.php?rest_route=%2Fwp%2Fv2%2Fcomments&post=5855"}],"version-history":[{"count":4,"href":"https:\/\/szentistvan.dnyem.hu\/index.php?rest_route=\/wp\/v2\/posts\/5855\/revisions"}],"predecessor-version":[{"id":5881,"href":"https:\/\/szentistvan.dnyem.hu\/index.php?rest_route=\/wp\/v2\/posts\/5855\/revisions\/5881"}],"wp:attachment":[{"href":"https:\/\/szentistvan.dnyem.hu\/index.php?rest_route=%2Fwp%2Fv2%2Fmedia&parent=5855"}],"wp:term":[{"taxonomy":"category","embeddable":true,"href":"https:\/\/szentistvan.dnyem.hu\/index.php?rest_route=%2Fwp%2Fv2%2Fcategories&post=5855"},{"taxonomy":"post_tag","embeddable":true,"href":"https:\/\/szentistvan.dnyem.hu\/index.php?rest_route=%2Fwp%2Fv2%2Ftags&post=5855"}],"curies":[{"name":"wp","href":"https:\/\/api.w.org\/{rel}","templated":true}]}}