{"id":5843,"date":"2024-10-06T20:21:00","date_gmt":"2024-10-06T18:21:00","guid":{"rendered":"https:\/\/szentistvan.dnyem.hu\/?p=5843"},"modified":"2024-10-08T20:25:38","modified_gmt":"2024-10-08T18:25:38","slug":"taize-i-imaora","status":"publish","type":"post","link":"https:\/\/szentistvan.dnyem.hu\/?p=5843","title":{"rendered":"Taiz\u00e9-i ima\u00f3ra"},"content":{"rendered":"\n<p><strong>Okt\u00f3ber 8-\u00e1n (kedden) 19:00 \u00f3r\u00e1t\u00f3l<\/strong> taiz\u00e9-i ima\u00f3ra lesz <strong>a Svetits Gimn\u00e1zium Szent Kereszt k\u00e1poln\u00e1j\u00e1ban<\/strong>. Ut\u00e1na besz\u00e9lget\u00e9s Andr\u00e1s testv\u00e9rrel a taiz\u00e9-i k\u00f6z\u00f6ss\u00e9gb\u0151l.<\/p>\n","protected":false},"excerpt":{"rendered":"<p>Okt\u00f3ber 8-\u00e1n (kedden) 19:00 \u00f3r\u00e1t\u00f3l taiz\u00e9-i ima\u00f3ra lesz a Svetits Gimn\u00e1zium Szent Kereszt k\u00e1poln\u00e1j\u00e1ban. Ut\u00e1na besz\u00e9lget\u00e9s Andr\u00e1s testv\u00e9rrel a taiz\u00e9-i k\u00f6z\u00f6ss\u00e9gb\u0151l.<\/p>\n","protected":false},"author":2,"featured_media":0,"comment_status":"closed","ping_status":"open","sticky":false,"template":"","format":"standard","meta":[],"categories":[1,9,2],"tags":[],"_links":{"self":[{"href":"https:\/\/szentistvan.dnyem.hu\/index.php?rest_route=\/wp\/v2\/posts\/5843"}],"collection":[{"href":"https:\/\/szentistvan.dnyem.hu\/index.php?rest_route=\/wp\/v2\/posts"}],"about":[{"href":"https:\/\/szentistvan.dnyem.hu\/index.php?rest_route=\/wp\/v2\/types\/post"}],"author":[{"embeddable":true,"href":"https:\/\/szentistvan.dnyem.hu\/index.php?rest_route=\/wp\/v2\/users\/2"}],"replies":[{"embeddable":true,"href":"https:\/\/szentistvan.dnyem.hu\/index.php?rest_route=%2Fwp%2Fv2%2Fcomments&post=5843"}],"version-history":[{"count":1,"href":"https:\/\/szentistvan.dnyem.hu\/index.php?rest_route=\/wp\/v2\/posts\/5843\/revisions"}],"predecessor-version":[{"id":5844,"href":"https:\/\/szentistvan.dnyem.hu\/index.php?rest_route=\/wp\/v2\/posts\/5843\/revisions\/5844"}],"wp:attachment":[{"href":"https:\/\/szentistvan.dnyem.hu\/index.php?rest_route=%2Fwp%2Fv2%2Fmedia&parent=5843"}],"wp:term":[{"taxonomy":"category","embeddable":true,"href":"https:\/\/szentistvan.dnyem.hu\/index.php?rest_route=%2Fwp%2Fv2%2Fcategories&post=5843"},{"taxonomy":"post_tag","embeddable":true,"href":"https:\/\/szentistvan.dnyem.hu\/index.php?rest_route=%2Fwp%2Fv2%2Ftags&post=5843"}],"curies":[{"name":"wp","href":"https:\/\/api.w.org\/{rel}","templated":true}]}}