{"id":5812,"date":"2024-11-10T17:59:00","date_gmt":"2024-11-10T15:59:00","guid":{"rendered":"https:\/\/szentistvan.dnyem.hu\/?p=5812"},"modified":"2024-11-10T19:51:24","modified_gmt":"2024-11-10T17:51:24","slug":"filmklub-2","status":"publish","type":"post","link":"https:\/\/szentistvan.dnyem.hu\/?p=5812","title":{"rendered":"Filmklub"},"content":{"rendered":"\n<p><strong>November 12-\u00e9n (kedden) 18:00 \u00f3r\u00e1t\u00f3l kezd\u0151dik a filmklub a Varga utca 3. sz\u00e1m alatti Kateketikai K\u00f6zpontban.<\/strong> Megn\u00e9zz\u00fck <a href=\"https:\/\/www.youtube.com\/watch?v=YQZzigS9YtE\" target=\"_blank\" rel=\"noreferrer noopener\">az 1988-ban k\u00e9sz\u00fclt <strong>A f\u00e9ny fel\u00e9<\/strong> c\u00edm\u0171 amerikai filmet.<\/a> A filmvet\u00edt\u00e9st besz\u00e9lget\u00e9s k\u00f6veti a l\u00e1tottakr\u00f3l.<\/p>\n","protected":false},"excerpt":{"rendered":"<p>November 12-\u00e9n (kedden) 18:00 \u00f3r\u00e1t\u00f3l kezd\u0151dik a filmklub a Varga utca 3. sz\u00e1m alatti Kateketikai K\u00f6zpontban. Megn\u00e9zz\u00fck az 1988-ban k\u00e9sz\u00fclt A f\u00e9ny fel\u00e9 c\u00edm\u0171 amerikai&#8230;<\/p>\n","protected":false},"author":2,"featured_media":0,"comment_status":"closed","ping_status":"open","sticky":false,"template":"","format":"standard","meta":[],"categories":[1,2],"tags":[],"_links":{"self":[{"href":"https:\/\/szentistvan.dnyem.hu\/index.php?rest_route=\/wp\/v2\/posts\/5812"}],"collection":[{"href":"https:\/\/szentistvan.dnyem.hu\/index.php?rest_route=\/wp\/v2\/posts"}],"about":[{"href":"https:\/\/szentistvan.dnyem.hu\/index.php?rest_route=\/wp\/v2\/types\/post"}],"author":[{"embeddable":true,"href":"https:\/\/szentistvan.dnyem.hu\/index.php?rest_route=\/wp\/v2\/users\/2"}],"replies":[{"embeddable":true,"href":"https:\/\/szentistvan.dnyem.hu\/index.php?rest_route=%2Fwp%2Fv2%2Fcomments&post=5812"}],"version-history":[{"count":5,"href":"https:\/\/szentistvan.dnyem.hu\/index.php?rest_route=\/wp\/v2\/posts\/5812\/revisions"}],"predecessor-version":[{"id":5913,"href":"https:\/\/szentistvan.dnyem.hu\/index.php?rest_route=\/wp\/v2\/posts\/5812\/revisions\/5913"}],"wp:attachment":[{"href":"https:\/\/szentistvan.dnyem.hu\/index.php?rest_route=%2Fwp%2Fv2%2Fmedia&parent=5812"}],"wp:term":[{"taxonomy":"category","embeddable":true,"href":"https:\/\/szentistvan.dnyem.hu\/index.php?rest_route=%2Fwp%2Fv2%2Fcategories&post=5812"},{"taxonomy":"post_tag","embeddable":true,"href":"https:\/\/szentistvan.dnyem.hu\/index.php?rest_route=%2Fwp%2Fv2%2Ftags&post=5812"}],"curies":[{"name":"wp","href":"https:\/\/api.w.org\/{rel}","templated":true}]}}