{"id":5801,"date":"2024-10-27T17:44:00","date_gmt":"2024-10-27T15:44:00","guid":{"rendered":"https:\/\/szentistvan.dnyem.hu\/?p=5801"},"modified":"2024-10-27T19:43:43","modified_gmt":"2024-10-27T17:43:43","slug":"noi-imakor","status":"publish","type":"post","link":"https:\/\/szentistvan.dnyem.hu\/?p=5801","title":{"rendered":"N\u0151i imak\u00f6r"},"content":{"rendered":"\n<p><strong>Okt\u00f3ber 29-\u00e9n (kedden) 16:30 \u00f3r\u00e1t\u00f3l folytat\u00f3dik a M\u00e1ria \u00e9s M\u00e1rta n\u0151i imak\u00f6r az egyed\u00fcl\u00e1ll\u00f3 n\u0151knek \u00e9s asszonyoknak (\u00e9desany\u00e1knak \u00e9s nagymam\u00e1knak) a Szent Anna Sz\u00e9kesegyh\u00e1z 5. term\u00e9ben.<\/strong> H\u00edvom \u00e9s v\u00e1rom a csoporthoz csatlakozni akar\u00f3kat.<\/p>\n","protected":false},"excerpt":{"rendered":"<p>Okt\u00f3ber 29-\u00e9n (kedden) 16:30 \u00f3r\u00e1t\u00f3l folytat\u00f3dik a M\u00e1ria \u00e9s M\u00e1rta n\u0151i imak\u00f6r az egyed\u00fcl\u00e1ll\u00f3 n\u0151knek \u00e9s asszonyoknak (\u00e9desany\u00e1knak \u00e9s nagymam\u00e1knak) a Szent Anna Sz\u00e9kesegyh\u00e1z 5&#8230;.<\/p>\n","protected":false},"author":2,"featured_media":0,"comment_status":"closed","ping_status":"open","sticky":false,"template":"","format":"standard","meta":[],"categories":[1,9,2],"tags":[],"_links":{"self":[{"href":"https:\/\/szentistvan.dnyem.hu\/index.php?rest_route=\/wp\/v2\/posts\/5801"}],"collection":[{"href":"https:\/\/szentistvan.dnyem.hu\/index.php?rest_route=\/wp\/v2\/posts"}],"about":[{"href":"https:\/\/szentistvan.dnyem.hu\/index.php?rest_route=\/wp\/v2\/types\/post"}],"author":[{"embeddable":true,"href":"https:\/\/szentistvan.dnyem.hu\/index.php?rest_route=\/wp\/v2\/users\/2"}],"replies":[{"embeddable":true,"href":"https:\/\/szentistvan.dnyem.hu\/index.php?rest_route=%2Fwp%2Fv2%2Fcomments&post=5801"}],"version-history":[{"count":4,"href":"https:\/\/szentistvan.dnyem.hu\/index.php?rest_route=\/wp\/v2\/posts\/5801\/revisions"}],"predecessor-version":[{"id":5885,"href":"https:\/\/szentistvan.dnyem.hu\/index.php?rest_route=\/wp\/v2\/posts\/5801\/revisions\/5885"}],"wp:attachment":[{"href":"https:\/\/szentistvan.dnyem.hu\/index.php?rest_route=%2Fwp%2Fv2%2Fmedia&parent=5801"}],"wp:term":[{"taxonomy":"category","embeddable":true,"href":"https:\/\/szentistvan.dnyem.hu\/index.php?rest_route=%2Fwp%2Fv2%2Fcategories&post=5801"},{"taxonomy":"post_tag","embeddable":true,"href":"https:\/\/szentistvan.dnyem.hu\/index.php?rest_route=%2Fwp%2Fv2%2Ftags&post=5801"}],"curies":[{"name":"wp","href":"https:\/\/api.w.org\/{rel}","templated":true}]}}