{"id":5799,"date":"2024-09-14T22:42:07","date_gmt":"2024-09-14T20:42:07","guid":{"rendered":"https:\/\/szentistvan.dnyem.hu\/?p=5799"},"modified":"2024-09-14T22:42:07","modified_gmt":"2024-09-14T20:42:07","slug":"orgonakoncert-2","status":"publish","type":"post","link":"https:\/\/szentistvan.dnyem.hu\/?p=5799","title":{"rendered":"Orgonakoncert"},"content":{"rendered":"\n<p><strong>Szeptember 15-\u00e9n 19:00 \u00f3r\u00e1t\u00f3l Szotyori Nagy G\u00e1bor orgonam\u0171v\u00e9sz koncertj\u00e9n vehet\u00fcnk r\u00e9szt a Szent Anna-sz\u00e9kesegyh\u00e1zban.<\/strong><\/p>\n","protected":false},"excerpt":{"rendered":"<p>Szeptember 15-\u00e9n 19:00 \u00f3r\u00e1t\u00f3l Szotyori Nagy G\u00e1bor orgonam\u0171v\u00e9sz koncertj\u00e9n vehet\u00fcnk r\u00e9szt a Szent Anna-sz\u00e9kesegyh\u00e1zban.<\/p>\n","protected":false},"author":2,"featured_media":0,"comment_status":"closed","ping_status":"open","sticky":false,"template":"","format":"standard","meta":[],"categories":[1,2],"tags":[],"_links":{"self":[{"href":"https:\/\/szentistvan.dnyem.hu\/index.php?rest_route=\/wp\/v2\/posts\/5799"}],"collection":[{"href":"https:\/\/szentistvan.dnyem.hu\/index.php?rest_route=\/wp\/v2\/posts"}],"about":[{"href":"https:\/\/szentistvan.dnyem.hu\/index.php?rest_route=\/wp\/v2\/types\/post"}],"author":[{"embeddable":true,"href":"https:\/\/szentistvan.dnyem.hu\/index.php?rest_route=\/wp\/v2\/users\/2"}],"replies":[{"embeddable":true,"href":"https:\/\/szentistvan.dnyem.hu\/index.php?rest_route=%2Fwp%2Fv2%2Fcomments&post=5799"}],"version-history":[{"count":1,"href":"https:\/\/szentistvan.dnyem.hu\/index.php?rest_route=\/wp\/v2\/posts\/5799\/revisions"}],"predecessor-version":[{"id":5800,"href":"https:\/\/szentistvan.dnyem.hu\/index.php?rest_route=\/wp\/v2\/posts\/5799\/revisions\/5800"}],"wp:attachment":[{"href":"https:\/\/szentistvan.dnyem.hu\/index.php?rest_route=%2Fwp%2Fv2%2Fmedia&parent=5799"}],"wp:term":[{"taxonomy":"category","embeddable":true,"href":"https:\/\/szentistvan.dnyem.hu\/index.php?rest_route=%2Fwp%2Fv2%2Fcategories&post=5799"},{"taxonomy":"post_tag","embeddable":true,"href":"https:\/\/szentistvan.dnyem.hu\/index.php?rest_route=%2Fwp%2Fv2%2Ftags&post=5799"}],"curies":[{"name":"wp","href":"https:\/\/api.w.org\/{rel}","templated":true}]}}