{"id":5778,"date":"2024-08-28T22:56:20","date_gmt":"2024-08-28T20:56:20","guid":{"rendered":"https:\/\/szentistvan.dnyem.hu\/?p=5778"},"modified":"2024-08-28T22:56:20","modified_gmt":"2024-08-28T20:56:20","slug":"veni-sancte-8","status":"publish","type":"post","link":"https:\/\/szentistvan.dnyem.hu\/?p=5778","title":{"rendered":"Veni Sancte"},"content":{"rendered":"\n<p>Szeptember 1-j\u00e9n 9:00 \u00f3r\u00e1t\u00f3l tan\u00e9vnyit\u00f3 (Veni Sancte) szentmise lesz templomunkban. H\u00edvjuk \u00e9s k\u00e9rj\u00fck a Szentlelket az \u00faj tan\u00e9v kezdet\u00e9n. Minden gyereket, fiatalt \u00e9s pedag\u00f3gust h\u00edvunk. Meg\u00e1ldjuk \u0151ket \u00e9s a tanszereiket.<\/p>\n","protected":false},"excerpt":{"rendered":"<p>Szeptember 1-j\u00e9n 9:00 \u00f3r\u00e1t\u00f3l tan\u00e9vnyit\u00f3 (Veni Sancte) szentmise lesz templomunkban. H\u00edvjuk \u00e9s k\u00e9rj\u00fck a Szentlelket az \u00faj tan\u00e9v kezdet\u00e9n. Minden gyereket, fiatalt \u00e9s pedag\u00f3gust h\u00edvunk&#8230;.<\/p>\n","protected":false},"author":2,"featured_media":0,"comment_status":"closed","ping_status":"open","sticky":false,"template":"","format":"standard","meta":[],"categories":[1,9,2],"tags":[],"_links":{"self":[{"href":"https:\/\/szentistvan.dnyem.hu\/index.php?rest_route=\/wp\/v2\/posts\/5778"}],"collection":[{"href":"https:\/\/szentistvan.dnyem.hu\/index.php?rest_route=\/wp\/v2\/posts"}],"about":[{"href":"https:\/\/szentistvan.dnyem.hu\/index.php?rest_route=\/wp\/v2\/types\/post"}],"author":[{"embeddable":true,"href":"https:\/\/szentistvan.dnyem.hu\/index.php?rest_route=\/wp\/v2\/users\/2"}],"replies":[{"embeddable":true,"href":"https:\/\/szentistvan.dnyem.hu\/index.php?rest_route=%2Fwp%2Fv2%2Fcomments&post=5778"}],"version-history":[{"count":1,"href":"https:\/\/szentistvan.dnyem.hu\/index.php?rest_route=\/wp\/v2\/posts\/5778\/revisions"}],"predecessor-version":[{"id":5779,"href":"https:\/\/szentistvan.dnyem.hu\/index.php?rest_route=\/wp\/v2\/posts\/5778\/revisions\/5779"}],"wp:attachment":[{"href":"https:\/\/szentistvan.dnyem.hu\/index.php?rest_route=%2Fwp%2Fv2%2Fmedia&parent=5778"}],"wp:term":[{"taxonomy":"category","embeddable":true,"href":"https:\/\/szentistvan.dnyem.hu\/index.php?rest_route=%2Fwp%2Fv2%2Fcategories&post=5778"},{"taxonomy":"post_tag","embeddable":true,"href":"https:\/\/szentistvan.dnyem.hu\/index.php?rest_route=%2Fwp%2Fv2%2Ftags&post=5778"}],"curies":[{"name":"wp","href":"https:\/\/api.w.org\/{rel}","templated":true}]}}