{"id":5776,"date":"2024-08-28T22:52:54","date_gmt":"2024-08-28T20:52:54","guid":{"rendered":"https:\/\/szentistvan.dnyem.hu\/?p=5776"},"modified":"2024-08-28T22:52:54","modified_gmt":"2024-08-28T20:52:54","slug":"halaado-szentmise-2","status":"publish","type":"post","link":"https:\/\/szentistvan.dnyem.hu\/?p=5776","title":{"rendered":"H\u00e1laad\u00f3 szentmise"},"content":{"rendered":"\n<p>30 \u00e9ve alakult Debrecenben a <a href=\"http:\/\/szentmonika.hu\/\">Kereszt\u00e9ny \u00c9desany\u00e1k Szent M\u00f3nika K\u00f6z\u00f6ss\u00e9ge<\/a>. Augusztus 28-\u00e1n (szerd\u00e1n) a debreceni Szent L\u00e1szl\u00f3 templomban az este 6:00 \u00f3rakor kezd\u0151d\u0151 szentmis\u00e9ben adtunk h\u00e1l\u00e1t a kapott kegyelmek\u00e9rt.<\/p>\n","protected":false},"excerpt":{"rendered":"<p>30 \u00e9ve alakult Debrecenben a Kereszt\u00e9ny \u00c9desany\u00e1k Szent M\u00f3nika K\u00f6z\u00f6ss\u00e9ge. Augusztus 28-\u00e1n (szerd\u00e1n) a debreceni Szent L\u00e1szl\u00f3 templomban az este 6:00 \u00f3rakor kezd\u0151d\u0151 szentmis\u00e9ben adtunk&#8230;<\/p>\n","protected":false},"author":2,"featured_media":0,"comment_status":"closed","ping_status":"open","sticky":false,"template":"","format":"standard","meta":[],"categories":[1,9,2],"tags":[],"_links":{"self":[{"href":"https:\/\/szentistvan.dnyem.hu\/index.php?rest_route=\/wp\/v2\/posts\/5776"}],"collection":[{"href":"https:\/\/szentistvan.dnyem.hu\/index.php?rest_route=\/wp\/v2\/posts"}],"about":[{"href":"https:\/\/szentistvan.dnyem.hu\/index.php?rest_route=\/wp\/v2\/types\/post"}],"author":[{"embeddable":true,"href":"https:\/\/szentistvan.dnyem.hu\/index.php?rest_route=\/wp\/v2\/users\/2"}],"replies":[{"embeddable":true,"href":"https:\/\/szentistvan.dnyem.hu\/index.php?rest_route=%2Fwp%2Fv2%2Fcomments&post=5776"}],"version-history":[{"count":1,"href":"https:\/\/szentistvan.dnyem.hu\/index.php?rest_route=\/wp\/v2\/posts\/5776\/revisions"}],"predecessor-version":[{"id":5777,"href":"https:\/\/szentistvan.dnyem.hu\/index.php?rest_route=\/wp\/v2\/posts\/5776\/revisions\/5777"}],"wp:attachment":[{"href":"https:\/\/szentistvan.dnyem.hu\/index.php?rest_route=%2Fwp%2Fv2%2Fmedia&parent=5776"}],"wp:term":[{"taxonomy":"category","embeddable":true,"href":"https:\/\/szentistvan.dnyem.hu\/index.php?rest_route=%2Fwp%2Fv2%2Fcategories&post=5776"},{"taxonomy":"post_tag","embeddable":true,"href":"https:\/\/szentistvan.dnyem.hu\/index.php?rest_route=%2Fwp%2Fv2%2Ftags&post=5776"}],"curies":[{"name":"wp","href":"https:\/\/api.w.org\/{rel}","templated":true}]}}