{"id":577,"date":"2015-12-17T21:37:01","date_gmt":"2015-12-17T20:37:01","guid":{"rendered":"http:\/\/szentistvan.dnyem.hu\/?p=577"},"modified":"2015-12-17T21:37:15","modified_gmt":"2015-12-17T20:37:15","slug":"lelekemelo-szent-karacsonyt-mindenkinek","status":"publish","type":"post","link":"https:\/\/szentistvan.dnyem.hu\/?p=577","title":{"rendered":"L\u00e9lekemel\u0151, szent kar\u00e1csonyt mindenkinek!"},"content":{"rendered":"<p>A sok bajt\u00f3l, fesz\u00fclts\u00e9gt\u0151l \u00e9s b\u00e9k\u00e9tlens\u00e9gt\u0151l megterhelt \u00e9let\u00fcnkben gy\u00f3gy\u00edt\u00f3 hat\u00e1sa van annak, ha ism\u00e9t r\u00e1j\u00f6v\u00fcnk ennek az egykoron betlehemi \u00e9jszak\u00e1n elhangzott \u00f6r\u00f6mh\u00edrnek az \u00edz\u00e9re:<\/p>\n<p>\u201eMA SZ\u00dcLETETT NEKTEK AZ \u00dcDV\u00d6Z\u00cdT\u0150, AZ \u00daR KRISZTUS.\u201d<\/p>\n<p>Minden hozz\u00e1nk tartoz\u00f3 \u00e9s idel\u00e1togat\u00f3 kedves testv\u00e9r\u00fcnknek l\u00e9lekemel\u0151 SZENT KAR\u00c1CSONYBAN legyen r\u00e9sze!<\/p>\n","protected":false},"excerpt":{"rendered":"<p>A sok bajt\u00f3l, fesz\u00fclts\u00e9gt\u0151l \u00e9s b\u00e9k\u00e9tlens\u00e9gt\u0151l megterhelt \u00e9let\u00fcnkben gy\u00f3gy\u00edt\u00f3 hat\u00e1sa van annak, ha ism\u00e9t r\u00e1j\u00f6v\u00fcnk ennek az egykoron betlehemi \u00e9jszak\u00e1n elhangzott \u00f6r\u00f6mh\u00edrnek az \u00edz\u00e9re: \u201eMA&#8230;<\/p>\n","protected":false},"author":2,"featured_media":0,"comment_status":"closed","ping_status":"open","sticky":false,"template":"","format":"standard","meta":[],"categories":[1],"tags":[],"_links":{"self":[{"href":"https:\/\/szentistvan.dnyem.hu\/index.php?rest_route=\/wp\/v2\/posts\/577"}],"collection":[{"href":"https:\/\/szentistvan.dnyem.hu\/index.php?rest_route=\/wp\/v2\/posts"}],"about":[{"href":"https:\/\/szentistvan.dnyem.hu\/index.php?rest_route=\/wp\/v2\/types\/post"}],"author":[{"embeddable":true,"href":"https:\/\/szentistvan.dnyem.hu\/index.php?rest_route=\/wp\/v2\/users\/2"}],"replies":[{"embeddable":true,"href":"https:\/\/szentistvan.dnyem.hu\/index.php?rest_route=%2Fwp%2Fv2%2Fcomments&post=577"}],"version-history":[{"count":1,"href":"https:\/\/szentistvan.dnyem.hu\/index.php?rest_route=\/wp\/v2\/posts\/577\/revisions"}],"predecessor-version":[{"id":578,"href":"https:\/\/szentistvan.dnyem.hu\/index.php?rest_route=\/wp\/v2\/posts\/577\/revisions\/578"}],"wp:attachment":[{"href":"https:\/\/szentistvan.dnyem.hu\/index.php?rest_route=%2Fwp%2Fv2%2Fmedia&parent=577"}],"wp:term":[{"taxonomy":"category","embeddable":true,"href":"https:\/\/szentistvan.dnyem.hu\/index.php?rest_route=%2Fwp%2Fv2%2Fcategories&post=577"},{"taxonomy":"post_tag","embeddable":true,"href":"https:\/\/szentistvan.dnyem.hu\/index.php?rest_route=%2Fwp%2Fv2%2Ftags&post=577"}],"curies":[{"name":"wp","href":"https:\/\/api.w.org\/{rel}","templated":true}]}}