{"id":5765,"date":"2024-09-08T13:22:00","date_gmt":"2024-09-08T11:22:00","guid":{"rendered":"https:\/\/szentistvan.dnyem.hu\/?p=5765"},"modified":"2024-09-14T22:44:58","modified_gmt":"2024-09-14T20:44:58","slug":"felkeszites-a-beavato-szentsegek-felvetelere","status":"publish","type":"post","link":"https:\/\/szentistvan.dnyem.hu\/?p=5765","title":{"rendered":"Felk\u00e9sz\u00edt\u00e9s a beavat\u00f3 szents\u00e9gek felv\u00e9tel\u00e9re"},"content":{"rendered":"\n<p><strong>Szombatonk\u00e9nt 9 \u00f3r\u00e1t\u00f3l felk\u00e9sz\u00edt\u00e9st tartunk b\u00e9rm\u00e1lkoz\u00e1sra a Szent Anna sz\u00e9kesegyh\u00e1z 6. term\u00e9ben.<\/strong> A b\u00e9rm\u00e1lkoz\u00e1sra fogadjuk a hetedik oszt\u00e1lyba j\u00e1r\u00f3k jelentkez\u00e9s\u00e9t \u00e9s azok\u00e9t akik fels\u0151bb oszt\u00e1lyba j\u00e1rnak, de m\u00e9g nem b\u00e9rm\u00e1lkoztak.<\/p>\n\n\n\n<p><strong>Szombatonk\u00e9nt 10 \u00f3r\u00e1t\u00f3l felk\u00e9sz\u00edt\u00e9st tartunk b\u00e9rm\u00e1lkoz\u00e1sra a Szent Anna sz\u00e9kesegyh\u00e1z 5. term\u00e9ben.<\/strong> Erre m\u00e1r j\u00f6hetnek az id\u00e9n harmadik oszt\u00e1lyba j\u00e1r\u00f3 gyermekek, vagy azok, akik m\u00e1r magasabb oszt\u00e1lyba j\u00e1rnak, de els\u0151\u00e1ldoz\u00f3k m\u00e9g nem voltak.<\/p>\n","protected":false},"excerpt":{"rendered":"<p>Szombatonk\u00e9nt 9 \u00f3r\u00e1t\u00f3l felk\u00e9sz\u00edt\u00e9st tartunk b\u00e9rm\u00e1lkoz\u00e1sra a Szent Anna sz\u00e9kesegyh\u00e1z 6. term\u00e9ben. A b\u00e9rm\u00e1lkoz\u00e1sra fogadjuk a hetedik oszt\u00e1lyba j\u00e1r\u00f3k jelentkez\u00e9s\u00e9t \u00e9s azok\u00e9t akik fels\u0151bb oszt\u00e1lyba&#8230;<\/p>\n","protected":false},"author":2,"featured_media":0,"comment_status":"closed","ping_status":"open","sticky":false,"template":"","format":"standard","meta":[],"categories":[1,9,2],"tags":[],"_links":{"self":[{"href":"https:\/\/szentistvan.dnyem.hu\/index.php?rest_route=\/wp\/v2\/posts\/5765"}],"collection":[{"href":"https:\/\/szentistvan.dnyem.hu\/index.php?rest_route=\/wp\/v2\/posts"}],"about":[{"href":"https:\/\/szentistvan.dnyem.hu\/index.php?rest_route=\/wp\/v2\/types\/post"}],"author":[{"embeddable":true,"href":"https:\/\/szentistvan.dnyem.hu\/index.php?rest_route=\/wp\/v2\/users\/2"}],"replies":[{"embeddable":true,"href":"https:\/\/szentistvan.dnyem.hu\/index.php?rest_route=%2Fwp%2Fv2%2Fcomments&post=5765"}],"version-history":[{"count":5,"href":"https:\/\/szentistvan.dnyem.hu\/index.php?rest_route=\/wp\/v2\/posts\/5765\/revisions"}],"predecessor-version":[{"id":5803,"href":"https:\/\/szentistvan.dnyem.hu\/index.php?rest_route=\/wp\/v2\/posts\/5765\/revisions\/5803"}],"wp:attachment":[{"href":"https:\/\/szentistvan.dnyem.hu\/index.php?rest_route=%2Fwp%2Fv2%2Fmedia&parent=5765"}],"wp:term":[{"taxonomy":"category","embeddable":true,"href":"https:\/\/szentistvan.dnyem.hu\/index.php?rest_route=%2Fwp%2Fv2%2Fcategories&post=5765"},{"taxonomy":"post_tag","embeddable":true,"href":"https:\/\/szentistvan.dnyem.hu\/index.php?rest_route=%2Fwp%2Fv2%2Ftags&post=5765"}],"curies":[{"name":"wp","href":"https:\/\/api.w.org\/{rel}","templated":true}]}}