{"id":5754,"date":"2024-08-07T15:52:45","date_gmt":"2024-08-07T13:52:45","guid":{"rendered":"https:\/\/szentistvan.dnyem.hu\/?p=5754"},"modified":"2024-08-07T15:52:45","modified_gmt":"2024-08-07T13:52:45","slug":"iskolakezdes","status":"publish","type":"post","link":"https:\/\/szentistvan.dnyem.hu\/?p=5754","title":{"rendered":"Iskolakezd\u00e9s"},"content":{"rendered":"<p>Legyen \u00f6r\u00f6m az iskolakezd\u00e9s! \u2013 elnevez\u00e9ssel <strong>szeptember 15-ig<\/strong> tart\u00f3 seg\u00e9lyakci\u00f3t ind\u00edtott a Katolikus Karit\u00e1sz. Az \u00f6sszefog\u00e1shoz csatlakozhatunk:<br \/>\n&#8211; J\u00f3 \u00e1llapotban l\u00e9v\u0151 iskolat\u00e1sk\u00e1k \u00e9s taneszk\u00f6z\u00f6k gy\u0171jt\u00e9s\u00e9vel; mindezek leadhat\u00f3k a sekresty\u00e9ben vagy a pl\u00e9b\u00e1niairod\u00e1n. P\u00e9nzbeli hozz\u00e1j\u00e1rul\u00e1s gy\u0171jt\u00e9s\u00e9re szolg\u00e1l a bal oldali padt\u00f6mb v\u00e9g\u00e9n tal\u00e1lhat\u00f3 a Karit\u00e1sz-persely a templomban.<br \/>\n&#8211; A 1356-os adom\u00e1nyvonal h\u00edv\u00e1s\u00e1val (egy h\u00edv\u00e1s 500 forint t\u00e1mogat\u00e1st jelent).<br \/>\n&#8211; On-line adom\u00e1nyoz\u00e1ssal a Karit\u00e1sz honlapj\u00e1n (www.karitasz.hu) \u201eIskolakezd\u00e9s\u201d megnevez\u00e9ssel.<br \/>\n&#8211; A Katolikus Karit\u00e1sz k\u00f6zponti banksz\u00e1ml\u00e1j\u00e1n is v\u00e1rja az adom\u00e1nyokat \u201eIskolakezd\u00e9s\u201d megnevez\u00e9ssel: Raiffeisen Bank 12011148\u201300124534\u201300100008.<br \/>\nA t\u00e1mogat\u00e1sok, tanszerek \u00e1tad\u00e1sa augusztus v\u00e9g\u00e9n \u00e9s szeptember elej\u00e9n, az iskolakezd\u00e9s els\u0151 napjaiban lesz.<\/p>\n","protected":false},"excerpt":{"rendered":"<p>Legyen \u00f6r\u00f6m az iskolakezd\u00e9s! \u2013 elnevez\u00e9ssel szeptember 15-ig tart\u00f3 seg\u00e9lyakci\u00f3t ind\u00edtott a Katolikus Karit\u00e1sz. Az \u00f6sszefog\u00e1shoz csatlakozhatunk: &#8211; J\u00f3 \u00e1llapotban l\u00e9v\u0151 iskolat\u00e1sk\u00e1k \u00e9s taneszk\u00f6z\u00f6k gy\u0171jt\u00e9s\u00e9vel;&#8230;<\/p>\n","protected":false},"author":2,"featured_media":0,"comment_status":"closed","ping_status":"open","sticky":false,"template":"","format":"standard","meta":[],"categories":[1,7],"tags":[],"_links":{"self":[{"href":"https:\/\/szentistvan.dnyem.hu\/index.php?rest_route=\/wp\/v2\/posts\/5754"}],"collection":[{"href":"https:\/\/szentistvan.dnyem.hu\/index.php?rest_route=\/wp\/v2\/posts"}],"about":[{"href":"https:\/\/szentistvan.dnyem.hu\/index.php?rest_route=\/wp\/v2\/types\/post"}],"author":[{"embeddable":true,"href":"https:\/\/szentistvan.dnyem.hu\/index.php?rest_route=\/wp\/v2\/users\/2"}],"replies":[{"embeddable":true,"href":"https:\/\/szentistvan.dnyem.hu\/index.php?rest_route=%2Fwp%2Fv2%2Fcomments&post=5754"}],"version-history":[{"count":1,"href":"https:\/\/szentistvan.dnyem.hu\/index.php?rest_route=\/wp\/v2\/posts\/5754\/revisions"}],"predecessor-version":[{"id":5755,"href":"https:\/\/szentistvan.dnyem.hu\/index.php?rest_route=\/wp\/v2\/posts\/5754\/revisions\/5755"}],"wp:attachment":[{"href":"https:\/\/szentistvan.dnyem.hu\/index.php?rest_route=%2Fwp%2Fv2%2Fmedia&parent=5754"}],"wp:term":[{"taxonomy":"category","embeddable":true,"href":"https:\/\/szentistvan.dnyem.hu\/index.php?rest_route=%2Fwp%2Fv2%2Fcategories&post=5754"},{"taxonomy":"post_tag","embeddable":true,"href":"https:\/\/szentistvan.dnyem.hu\/index.php?rest_route=%2Fwp%2Fv2%2Ftags&post=5754"}],"curies":[{"name":"wp","href":"https:\/\/api.w.org\/{rel}","templated":true}]}}