{"id":5752,"date":"2024-08-07T15:48:24","date_gmt":"2024-08-07T13:48:24","guid":{"rendered":"https:\/\/szentistvan.dnyem.hu\/?p=5752"},"modified":"2024-08-07T15:48:24","modified_gmt":"2024-08-07T13:48:24","slug":"latogatas","status":"publish","type":"post","link":"https:\/\/szentistvan.dnyem.hu\/?p=5752","title":{"rendered":"L\u00e1togat\u00e1s"},"content":{"rendered":"<p><strong>Augusztus 22-\u00e9n<\/strong> a Magyar Telev\u00edzi\u00f3 Sz\u00e9kh\u00e1z\u00e1nak l\u00e1togat\u00e1s\u00e1ra h\u00edvjuk a gyerekeket. Tal\u00e1lkozhatnak a gyerekek S\u00fcs\u00fcvel \u00e9s a TV Macival. Bel\u00e9phetnek azokba a st\u00fadi\u00f3kba, ahol az ad\u00e1sok k\u00e9sz\u00fclnek.<br \/>\nVonattal megy\u00fcnk Budapestre. 4000,-Ft-ot k\u00e9r\u00fcnk, ami tartalmazza a bel\u00e9p\u0151t \u00e9s az IC p\u00f3tjegyet. Aki elm\u00falt 14 \u00e9ves, att\u00f3l orsz\u00e1gb\u00e9rletet is k\u00e9r\u00fcnk.<br \/>\nJelentkezni aug 6-ig lehet Krakomperger Zolt\u00e1nn\u00e1l a n\u00e9v \u00e9s e-mail c\u00edm megad\u00e1s\u00e1val.<\/p>\n","protected":false},"excerpt":{"rendered":"<p>Augusztus 22-\u00e9n a Magyar Telev\u00edzi\u00f3 Sz\u00e9kh\u00e1z\u00e1nak l\u00e1togat\u00e1s\u00e1ra h\u00edvjuk a gyerekeket. Tal\u00e1lkozhatnak a gyerekek S\u00fcs\u00fcvel \u00e9s a TV Macival. Bel\u00e9phetnek azokba a st\u00fadi\u00f3kba, ahol az ad\u00e1sok&#8230;<\/p>\n","protected":false},"author":2,"featured_media":0,"comment_status":"closed","ping_status":"open","sticky":false,"template":"","format":"standard","meta":[],"categories":[2],"tags":[],"_links":{"self":[{"href":"https:\/\/szentistvan.dnyem.hu\/index.php?rest_route=\/wp\/v2\/posts\/5752"}],"collection":[{"href":"https:\/\/szentistvan.dnyem.hu\/index.php?rest_route=\/wp\/v2\/posts"}],"about":[{"href":"https:\/\/szentistvan.dnyem.hu\/index.php?rest_route=\/wp\/v2\/types\/post"}],"author":[{"embeddable":true,"href":"https:\/\/szentistvan.dnyem.hu\/index.php?rest_route=\/wp\/v2\/users\/2"}],"replies":[{"embeddable":true,"href":"https:\/\/szentistvan.dnyem.hu\/index.php?rest_route=%2Fwp%2Fv2%2Fcomments&post=5752"}],"version-history":[{"count":1,"href":"https:\/\/szentistvan.dnyem.hu\/index.php?rest_route=\/wp\/v2\/posts\/5752\/revisions"}],"predecessor-version":[{"id":5753,"href":"https:\/\/szentistvan.dnyem.hu\/index.php?rest_route=\/wp\/v2\/posts\/5752\/revisions\/5753"}],"wp:attachment":[{"href":"https:\/\/szentistvan.dnyem.hu\/index.php?rest_route=%2Fwp%2Fv2%2Fmedia&parent=5752"}],"wp:term":[{"taxonomy":"category","embeddable":true,"href":"https:\/\/szentistvan.dnyem.hu\/index.php?rest_route=%2Fwp%2Fv2%2Fcategories&post=5752"},{"taxonomy":"post_tag","embeddable":true,"href":"https:\/\/szentistvan.dnyem.hu\/index.php?rest_route=%2Fwp%2Fv2%2Ftags&post=5752"}],"curies":[{"name":"wp","href":"https:\/\/api.w.org\/{rel}","templated":true}]}}