{"id":575,"date":"2015-12-17T21:35:38","date_gmt":"2015-12-17T20:35:38","guid":{"rendered":"http:\/\/szentistvan.dnyem.hu\/?p=575"},"modified":"2015-12-17T21:35:38","modified_gmt":"2015-12-17T20:35:38","slug":"tricentenariumi-emlekev-bezarasa","status":"publish","type":"post","link":"https:\/\/szentistvan.dnyem.hu\/?p=575","title":{"rendered":"Tricenten\u00e1riumi eml\u00e9k\u00e9v bez\u00e1r\u00e1sa"},"content":{"rendered":"<p>Szent Csal\u00e1d vas\u00e1rnapj\u00e1n a sz\u00e9kesegyh\u00e1zban 18:00-t\u00f3l h\u00e1laad\u00f3 szentmis\u00e9ben a tricenten\u00e1riumi eml\u00e9k\u00e9v bez\u00e1r\u00e1sa.<\/p>\n<p>Adjunk egy\u00fctt h\u00e1l\u00e1t Istennek az\u00e9rt, hogy ebben az \u00e9vben siker\u00fclt er\u0151s\u00edten\u00fcnk \u00e9s bemutatnunk katolikus hit\u00fcnk \u00e9s \u00f6kumenikus elk\u00f6telezetts\u00e9g\u00fcnk \u00e9rt\u00e9keit.<\/p>\n","protected":false},"excerpt":{"rendered":"<p>Szent Csal\u00e1d vas\u00e1rnapj\u00e1n a sz\u00e9kesegyh\u00e1zban 18:00-t\u00f3l h\u00e1laad\u00f3 szentmis\u00e9ben a tricenten\u00e1riumi eml\u00e9k\u00e9v bez\u00e1r\u00e1sa. Adjunk egy\u00fctt h\u00e1l\u00e1t Istennek az\u00e9rt, hogy ebben az \u00e9vben siker\u00fclt er\u0151s\u00edten\u00fcnk \u00e9s bemutatnunk&#8230;<\/p>\n","protected":false},"author":2,"featured_media":0,"comment_status":"closed","ping_status":"open","sticky":false,"template":"","format":"standard","meta":[],"categories":[1],"tags":[],"_links":{"self":[{"href":"https:\/\/szentistvan.dnyem.hu\/index.php?rest_route=\/wp\/v2\/posts\/575"}],"collection":[{"href":"https:\/\/szentistvan.dnyem.hu\/index.php?rest_route=\/wp\/v2\/posts"}],"about":[{"href":"https:\/\/szentistvan.dnyem.hu\/index.php?rest_route=\/wp\/v2\/types\/post"}],"author":[{"embeddable":true,"href":"https:\/\/szentistvan.dnyem.hu\/index.php?rest_route=\/wp\/v2\/users\/2"}],"replies":[{"embeddable":true,"href":"https:\/\/szentistvan.dnyem.hu\/index.php?rest_route=%2Fwp%2Fv2%2Fcomments&post=575"}],"version-history":[{"count":1,"href":"https:\/\/szentistvan.dnyem.hu\/index.php?rest_route=\/wp\/v2\/posts\/575\/revisions"}],"predecessor-version":[{"id":576,"href":"https:\/\/szentistvan.dnyem.hu\/index.php?rest_route=\/wp\/v2\/posts\/575\/revisions\/576"}],"wp:attachment":[{"href":"https:\/\/szentistvan.dnyem.hu\/index.php?rest_route=%2Fwp%2Fv2%2Fmedia&parent=575"}],"wp:term":[{"taxonomy":"category","embeddable":true,"href":"https:\/\/szentistvan.dnyem.hu\/index.php?rest_route=%2Fwp%2Fv2%2Fcategories&post=575"},{"taxonomy":"post_tag","embeddable":true,"href":"https:\/\/szentistvan.dnyem.hu\/index.php?rest_route=%2Fwp%2Fv2%2Ftags&post=575"}],"curies":[{"name":"wp","href":"https:\/\/api.w.org\/{rel}","templated":true}]}}