{"id":5699,"date":"2024-07-01T16:33:47","date_gmt":"2024-07-01T14:33:47","guid":{"rendered":"https:\/\/szentistvan.dnyem.hu\/?p=5699"},"modified":"2024-07-01T16:34:09","modified_gmt":"2024-07-01T14:34:09","slug":"bucsumise","status":"publish","type":"post","link":"https:\/\/szentistvan.dnyem.hu\/?p=5699","title":{"rendered":"B\u00facs\u00famise"},"content":{"rendered":"\n<p>A Debrecen &#8211; Ny\u00edregyh\u00e1zi Egyh\u00e1zmegye f\u0151p\u00e1sztora <a href=\"https:\/\/dnyem.hu\/2024\/06\/29\/szemelyi-es-teruleti-rendelkezesek-a-debrecen-nyiregyhazi-egyhazmegyeben\/\" target=\"_blank\" rel=\"noreferrer noopener\">augusztus elsej\u00e9t\u0151l szem\u00e9lyi v\u00e1ltoztat\u00e1sokat hozott<\/a>. Ennek \u00e9rtelm\u00e9ben felmentett debreceni feladataim al\u00f3l \u00e9s Polg\u00e1rra helyezett.<\/p>\n\n\n\n<p>Az elm\u00falt k\u00e9t \u00e9v\u00e9rt h\u00e1l\u00e1t ad\u00f3 utols\u00f3 szentmis\u00e9met j\u00falius 21-\u00e9n (vas\u00e1rnap) mutatom be.<\/p>\n\n\n\n<p><a rel=\"noreferrer noopener\" href=\"https:\/\/archivum.dnyem.hu\/index.php\/virtualis-seta\/item\/146-papp-laszlo\" target=\"_blank\">Papp L\u00e1szl\u00f3<\/a> pl\u00e9b\u00e1nos<\/p>\n","protected":false},"excerpt":{"rendered":"<p>A Debrecen &#8211; Ny\u00edregyh\u00e1zi Egyh\u00e1zmegye f\u0151p\u00e1sztora augusztus elsej\u00e9t\u0151l szem\u00e9lyi v\u00e1ltoztat\u00e1sokat hozott. Ennek \u00e9rtelm\u00e9ben felmentett debreceni feladataim al\u00f3l \u00e9s Polg\u00e1rra helyezett. Az elm\u00falt k\u00e9t \u00e9v\u00e9rt h\u00e1l\u00e1t&#8230;<\/p>\n","protected":false},"author":2,"featured_media":0,"comment_status":"closed","ping_status":"open","sticky":false,"template":"","format":"standard","meta":[],"categories":[1,9,2],"tags":[],"_links":{"self":[{"href":"https:\/\/szentistvan.dnyem.hu\/index.php?rest_route=\/wp\/v2\/posts\/5699"}],"collection":[{"href":"https:\/\/szentistvan.dnyem.hu\/index.php?rest_route=\/wp\/v2\/posts"}],"about":[{"href":"https:\/\/szentistvan.dnyem.hu\/index.php?rest_route=\/wp\/v2\/types\/post"}],"author":[{"embeddable":true,"href":"https:\/\/szentistvan.dnyem.hu\/index.php?rest_route=\/wp\/v2\/users\/2"}],"replies":[{"embeddable":true,"href":"https:\/\/szentistvan.dnyem.hu\/index.php?rest_route=%2Fwp%2Fv2%2Fcomments&post=5699"}],"version-history":[{"count":1,"href":"https:\/\/szentistvan.dnyem.hu\/index.php?rest_route=\/wp\/v2\/posts\/5699\/revisions"}],"predecessor-version":[{"id":5700,"href":"https:\/\/szentistvan.dnyem.hu\/index.php?rest_route=\/wp\/v2\/posts\/5699\/revisions\/5700"}],"wp:attachment":[{"href":"https:\/\/szentistvan.dnyem.hu\/index.php?rest_route=%2Fwp%2Fv2%2Fmedia&parent=5699"}],"wp:term":[{"taxonomy":"category","embeddable":true,"href":"https:\/\/szentistvan.dnyem.hu\/index.php?rest_route=%2Fwp%2Fv2%2Fcategories&post=5699"},{"taxonomy":"post_tag","embeddable":true,"href":"https:\/\/szentistvan.dnyem.hu\/index.php?rest_route=%2Fwp%2Fv2%2Ftags&post=5699"}],"curies":[{"name":"wp","href":"https:\/\/api.w.org\/{rel}","templated":true}]}}