{"id":5678,"date":"2024-06-16T19:33:54","date_gmt":"2024-06-16T17:33:54","guid":{"rendered":"https:\/\/szentistvan.dnyem.hu\/?p=5678"},"modified":"2024-06-16T19:33:54","modified_gmt":"2024-06-16T17:33:54","slug":"miseszovetseg-2","status":"publish","type":"post","link":"https:\/\/szentistvan.dnyem.hu\/?p=5678","title":{"rendered":"Misesz\u00f6vets\u00e9g"},"content":{"rendered":"\n<p>Egy \u00e9vvel ezel\u0151tt alakult meg a Misesz\u00f6vets\u00e9g, amihez minden \u00e9vben \u00fajra lehet csatlakozni, hogy egy \u00e9ven kereszt\u00fcl a tagok a minden h\u00f3nap utols\u00f3 vas\u00e1rnapj\u00e1n \u00e9rt\u00fck \u00e9s \u00e9l\u0151 valamint elhunyt szerettei\u00e9rt felaj\u00e1nlott szentmise\u00e1ldozat v\u00e9gtelen kegyelmeiben r\u00e9szes\u00fcljenek. Ezt a csatlakoz\u00e1st a sekresty\u00e9ben tehetj\u00fck meg. \u00c9lj\u00fcnk ezzel a lehet\u0151s\u00e9ggel!<\/p>\n","protected":false},"excerpt":{"rendered":"<p>Egy \u00e9vvel ezel\u0151tt alakult meg a Misesz\u00f6vets\u00e9g, amihez minden \u00e9vben \u00fajra lehet csatlakozni, hogy egy \u00e9ven kereszt\u00fcl a tagok a minden h\u00f3nap utols\u00f3 vas\u00e1rnapj\u00e1n \u00e9rt\u00fck&#8230;<\/p>\n","protected":false},"author":2,"featured_media":0,"comment_status":"closed","ping_status":"open","sticky":false,"template":"","format":"standard","meta":[],"categories":[1,9],"tags":[],"_links":{"self":[{"href":"https:\/\/szentistvan.dnyem.hu\/index.php?rest_route=\/wp\/v2\/posts\/5678"}],"collection":[{"href":"https:\/\/szentistvan.dnyem.hu\/index.php?rest_route=\/wp\/v2\/posts"}],"about":[{"href":"https:\/\/szentistvan.dnyem.hu\/index.php?rest_route=\/wp\/v2\/types\/post"}],"author":[{"embeddable":true,"href":"https:\/\/szentistvan.dnyem.hu\/index.php?rest_route=\/wp\/v2\/users\/2"}],"replies":[{"embeddable":true,"href":"https:\/\/szentistvan.dnyem.hu\/index.php?rest_route=%2Fwp%2Fv2%2Fcomments&post=5678"}],"version-history":[{"count":1,"href":"https:\/\/szentistvan.dnyem.hu\/index.php?rest_route=\/wp\/v2\/posts\/5678\/revisions"}],"predecessor-version":[{"id":5679,"href":"https:\/\/szentistvan.dnyem.hu\/index.php?rest_route=\/wp\/v2\/posts\/5678\/revisions\/5679"}],"wp:attachment":[{"href":"https:\/\/szentistvan.dnyem.hu\/index.php?rest_route=%2Fwp%2Fv2%2Fmedia&parent=5678"}],"wp:term":[{"taxonomy":"category","embeddable":true,"href":"https:\/\/szentistvan.dnyem.hu\/index.php?rest_route=%2Fwp%2Fv2%2Fcategories&post=5678"},{"taxonomy":"post_tag","embeddable":true,"href":"https:\/\/szentistvan.dnyem.hu\/index.php?rest_route=%2Fwp%2Fv2%2Ftags&post=5678"}],"curies":[{"name":"wp","href":"https:\/\/api.w.org\/{rel}","templated":true}]}}