{"id":560,"date":"2015-12-14T19:51:09","date_gmt":"2015-12-14T18:51:09","guid":{"rendered":"http:\/\/szentistvan.dnyem.hu\/?p=560"},"modified":"2015-12-14T19:51:09","modified_gmt":"2015-12-14T18:51:09","slug":"oromos-szentgyonas-4-resz","status":"publish","type":"post","link":"https:\/\/szentistvan.dnyem.hu\/?p=560","title":{"rendered":"\u00d6r\u00f6m\u00f6s szentgy\u00f3n\u00e1s, 4. r\u00e9sz"},"content":{"rendered":"<p>SZENTGY\u00d3N\u00c1SOM GYAKORIS\u00c1GA<\/p>\n<p>Milyen gyakran gy\u00f3njak? Mindig, hiszen megt\u00e9r\u00e9s\u00fcnk mindig id\u0151szer\u0171, le nem z\u00e1rt folyamat. Eg\u00e9sz \u00e9let\u00fcnkben apr\u00f3 gesztusokkal \u00e9s szavakkal: bocs\u00e1nat, k\u00f6sz\u00f6n\u00f6m, most m\u00e1r m\u00e1sk\u00e9nt l\u00e1tom \u00e9s tenn\u00e9m, r\u00e1j\u00f6ttem, bel\u00e1ttam, stb.<\/p>\n<p>\u00c9s a papn\u00e1l? Valah\u00e1nyszor lelkiismeretvizsg\u00e1lat ut\u00e1n felismerem, hogy s\u00falyos dologban visszautas\u00edtottam Istent \u00e9letv\u00e9d\u0151 \u00e9s -gyarap\u00edt\u00f3 parancsaiban, valamint lelkiismeretem j\u00f3ra, igazra \u00e9s sz\u00e9pre \u00f6szt\u00f6nz\u0151 szav\u00e1nak ellen\u00e1llva \u00f6nz\u0151 m\u00f3don megb\u00e1ntottam eny\u00e9imet vagy embert\u00e1rsamat.<\/p>\n<p>Volt id\u0151, amikor a heti gy\u00f3n\u00e1st nagyon aj\u00e1nlott\u00e1k. Volna ennek sok-sok kegyelmi gy\u00fcm\u00f6lcse, de nincs annyi pap m\u00e1r, \u00e9s az \u00e9letvitel is megv\u00e1ltozott. Az \u00e9vente egyszeri szentgy\u00f3n\u00e1s a minimum, hogy valaki a katolikus egyh\u00e1z gyermek\u00e9nek mondhassa mag\u00e1t. A gyakori gy\u00f3n\u00e1s nagyon el\u0151seg\u00edti a sz\u00edv sz\u00fcks\u00e9ges megt\u00e9r\u00e9s\u00e9t az irgalmass\u00e1g Atyj\u00e1hoz. Mindig meg kell szabadulnunk valamilyen b\u0171nt\u0151l, hogy eljussunk a krisztusi \u00e9let teljess\u00e9g\u00e9re. S\u00falyos b\u0171n eset\u00e9n a szents\u00e9gi gy\u00f3n\u00e1s felt\u00e9tlen\u00fcl sz\u00fcks\u00e9ges, s\u00falyos b\u0171n hi\u00e1ny\u00e1ban pedig igen hasznos: t\u00e1mogatja a h\u00edv\u0151t a tisztul\u00e1sban \u00e9s t\u00f6rekv\u00e9s\u00e9ben az \u00e9letszents\u00e9gre.<\/p>\n<p>A b\u0171nbocs\u00e1nat szents\u00e9ge gy\u00f3gy\u00edtja a lelki \u00e9s akarati sebeket, megel\u0151zi a tov\u00e1bbi buk\u00e1sokat, er\u0151s\u00edti a kegyelmet, hogy a b\u0171nb\u00e1n\u00f3 k\u00f6nnyebben le tudja gy\u0151zni b\u0171n\u00f6s hajlamait, ellen\u00e1lljon a k\u00eds\u00e9rt\u00e9seknek \u00e9s gyakorolja az er\u00e9nyeket.<\/p>\n","protected":false},"excerpt":{"rendered":"<p>SZENTGY\u00d3N\u00c1SOM GYAKORIS\u00c1GA Milyen gyakran gy\u00f3njak? Mindig, hiszen megt\u00e9r\u00e9s\u00fcnk mindig id\u0151szer\u0171, le nem z\u00e1rt folyamat. Eg\u00e9sz \u00e9let\u00fcnkben apr\u00f3 gesztusokkal \u00e9s szavakkal: bocs\u00e1nat, k\u00f6sz\u00f6n\u00f6m, most m\u00e1r m\u00e1sk\u00e9nt&#8230;<\/p>\n","protected":false},"author":2,"featured_media":0,"comment_status":"closed","ping_status":"open","sticky":false,"template":"","format":"standard","meta":[],"categories":[1],"tags":[],"_links":{"self":[{"href":"https:\/\/szentistvan.dnyem.hu\/index.php?rest_route=\/wp\/v2\/posts\/560"}],"collection":[{"href":"https:\/\/szentistvan.dnyem.hu\/index.php?rest_route=\/wp\/v2\/posts"}],"about":[{"href":"https:\/\/szentistvan.dnyem.hu\/index.php?rest_route=\/wp\/v2\/types\/post"}],"author":[{"embeddable":true,"href":"https:\/\/szentistvan.dnyem.hu\/index.php?rest_route=\/wp\/v2\/users\/2"}],"replies":[{"embeddable":true,"href":"https:\/\/szentistvan.dnyem.hu\/index.php?rest_route=%2Fwp%2Fv2%2Fcomments&post=560"}],"version-history":[{"count":1,"href":"https:\/\/szentistvan.dnyem.hu\/index.php?rest_route=\/wp\/v2\/posts\/560\/revisions"}],"predecessor-version":[{"id":561,"href":"https:\/\/szentistvan.dnyem.hu\/index.php?rest_route=\/wp\/v2\/posts\/560\/revisions\/561"}],"wp:attachment":[{"href":"https:\/\/szentistvan.dnyem.hu\/index.php?rest_route=%2Fwp%2Fv2%2Fmedia&parent=560"}],"wp:term":[{"taxonomy":"category","embeddable":true,"href":"https:\/\/szentistvan.dnyem.hu\/index.php?rest_route=%2Fwp%2Fv2%2Fcategories&post=560"},{"taxonomy":"post_tag","embeddable":true,"href":"https:\/\/szentistvan.dnyem.hu\/index.php?rest_route=%2Fwp%2Fv2%2Ftags&post=560"}],"curies":[{"name":"wp","href":"https:\/\/api.w.org\/{rel}","templated":true}]}}