{"id":558,"date":"2015-12-14T19:48:07","date_gmt":"2015-12-14T18:48:07","guid":{"rendered":"http:\/\/szentistvan.dnyem.hu\/?p=558"},"modified":"2015-12-14T19:48:07","modified_gmt":"2015-12-14T18:48:07","slug":"gyermekdelutan-december-19-en","status":"publish","type":"post","link":"https:\/\/szentistvan.dnyem.hu\/?p=558","title":{"rendered":"Gyermekd\u00e9lut\u00e1n december 19-\u00e9n"},"content":{"rendered":"<p>December 19-\u00e9n (szombaton) 15.30 \u00e9s 17.30 k\u00f6z\u00f6tt gyermekd\u00e9lut\u00e1n a pl\u00e9b\u00e1ni\u00e1n. Ezzel egy id\u0151ben \u00e9s ugyanitt lesz a Gyermeknevel\u0151 Sz\u00fcl\u0151k Iskol\u00e1ja.<\/p>\n","protected":false},"excerpt":{"rendered":"<p>December 19-\u00e9n (szombaton) 15.30 \u00e9s 17.30 k\u00f6z\u00f6tt gyermekd\u00e9lut\u00e1n a pl\u00e9b\u00e1ni\u00e1n. Ezzel egy id\u0151ben \u00e9s ugyanitt lesz a Gyermeknevel\u0151 Sz\u00fcl\u0151k Iskol\u00e1ja.<\/p>\n","protected":false},"author":2,"featured_media":0,"comment_status":"closed","ping_status":"open","sticky":false,"template":"","format":"standard","meta":[],"categories":[1],"tags":[],"_links":{"self":[{"href":"https:\/\/szentistvan.dnyem.hu\/index.php?rest_route=\/wp\/v2\/posts\/558"}],"collection":[{"href":"https:\/\/szentistvan.dnyem.hu\/index.php?rest_route=\/wp\/v2\/posts"}],"about":[{"href":"https:\/\/szentistvan.dnyem.hu\/index.php?rest_route=\/wp\/v2\/types\/post"}],"author":[{"embeddable":true,"href":"https:\/\/szentistvan.dnyem.hu\/index.php?rest_route=\/wp\/v2\/users\/2"}],"replies":[{"embeddable":true,"href":"https:\/\/szentistvan.dnyem.hu\/index.php?rest_route=%2Fwp%2Fv2%2Fcomments&post=558"}],"version-history":[{"count":1,"href":"https:\/\/szentistvan.dnyem.hu\/index.php?rest_route=\/wp\/v2\/posts\/558\/revisions"}],"predecessor-version":[{"id":559,"href":"https:\/\/szentistvan.dnyem.hu\/index.php?rest_route=\/wp\/v2\/posts\/558\/revisions\/559"}],"wp:attachment":[{"href":"https:\/\/szentistvan.dnyem.hu\/index.php?rest_route=%2Fwp%2Fv2%2Fmedia&parent=558"}],"wp:term":[{"taxonomy":"category","embeddable":true,"href":"https:\/\/szentistvan.dnyem.hu\/index.php?rest_route=%2Fwp%2Fv2%2Fcategories&post=558"},{"taxonomy":"post_tag","embeddable":true,"href":"https:\/\/szentistvan.dnyem.hu\/index.php?rest_route=%2Fwp%2Fv2%2Ftags&post=558"}],"curies":[{"name":"wp","href":"https:\/\/api.w.org\/{rel}","templated":true}]}}