{"id":5492,"date":"2024-03-24T23:04:59","date_gmt":"2024-03-24T21:04:59","guid":{"rendered":"https:\/\/szentistvan.dnyem.hu\/?p=5492"},"modified":"2024-03-24T23:04:59","modified_gmt":"2024-03-24T21:04:59","slug":"nagyhet-2","status":"publish","type":"post","link":"https:\/\/szentistvan.dnyem.hu\/?p=5492","title":{"rendered":"Nagyh\u00e9t"},"content":{"rendered":"\n<p>M\u00e1rcius 24-\u00e9n (<a href=\"https:\/\/lexikon.katolikus.hu\/V\/vir%C3%A1gvas%C3%A1rnap.html\">Vir\u00e1gvas\u00e1rnap<\/a>) elkezd\u0151d\u00f6tt a <a href=\"https:\/\/lexikon.katolikus.hu\/N\/nagyh%C3%A9t.html\">Nagyh\u00e9t<\/a>. Ne feledj\u00fck a <a href=\"https:\/\/lexikon.katolikus.hu\/N\/nagyp%C3%A9ntek.html\">nagyp\u00e9nteki<\/a> <a href=\"https:\/\/lexikon.katolikus.hu\/S\/szigor%C3%BA%20b%C3%B6jt.html\">szigor\u00fa b\u00f6jt\u00f6t<\/a> (3-szori \u00e9tkez\u00e9s, egyszeri j\u00f3llak\u00e1s, h\u00fastilalom).<\/p>\n\n\n\n<p>De im\u00e1ds\u00e1ggal, f\u0151leg a szertart\u00e1sokon val\u00f3 r\u00e9szv\u00e9tellel \u00e9s szentgy\u00f3n\u00e1sunk elv\u00e9gz\u00e9s\u00e9vel is k\u00e9sz\u00fclj\u00fcnk h\u00fasv\u00e9t \u00fcnnep\u00e9re! A szertart\u00e1sokon, a <a href=\"https:\/\/lexikon.katolikus.hu\/H\/h%C3%BAsv%C3%A9ti%20szent%20h%C3%A1romnap.html\">h\u00fasv\u00e9ti szent h\u00e1rom nap<\/a> liturgi\u00e1in igyekezz\u00fcnk r\u00e9szt venni! Nem el\u00e9g csak <a href=\"https:\/\/lexikon.katolikus.hu\/H\/h%C3%BAsv%C3%A9tvas%C3%A1rnap.html\">h\u00fasv\u00e9tvas\u00e1rnapra<\/a> elj\u00f6nni, J\u00e9zust k\u00f6vess\u00fck v\u00e9gig \u00e9rt\u00fcnk v\u00e1llalt szenved\u00e9s\u00e9nek \u00fatj\u00e1n! <a href=\"https:\/\/lexikon.katolikus.hu\/N\/Nagyszombat.html\">Nagyszombaton<\/a> v\u00e1llaljunk legal\u00e1bb egy f\u00e9l \u00f3r\u00e1t, hogy a szents\u00e9gi J\u00e9zus el\u0151tt id\u0151zz\u00fcnk itt a templomban! A kedves h\u00edvek ossz\u00e1k be magukat f\u00e9l \u00f3r\u00e1s v\u00e1lt\u00e1sban! Mindenki adjon az idej\u00e9b\u0151l, hogy legal\u00e1bb f\u00e9l \u00f3r\u00e1t az \u00dar J\u00e9zus jelenl\u00e9t\u00e9ben t\u00f6lts\u00f6n!<\/p>\n\n\n\n<p><a href=\"https:\/\/lexikon.katolikus.hu\/N\/nagyp%C3%A9ntek.html\">Nagyp\u00e9nteken<\/a> kezd\u0151dik az <a href=\"https:\/\/regi.katolikus.hu\/lelkiseg.php?h=36\">Isteni Irgalmass\u00e1g kilencede<\/a>, ezzel is k\u00e9sz\u00fcl\u00fcnk az <a href=\"https:\/\/www.magyarkurir.hu\/kultura\/az-isteni-irgalmassag-vasarnapja-ezen-napon-megnyilik-irgalmam-melysege\">Isteni Irgalmass\u00e1g vas\u00e1rnapj\u00e1ra.<\/a><\/p>\n\n\n\n<p><a href=\"https:\/\/lexikon.katolikus.hu\/N\/Nagyszombat.html\">Nagyszombaton<\/a>, az esti szertart\u00e1s a templom el\u0151tti t\u0171zszentel\u00e9ssel kezd\u0151dik. <strong>K\u00e9rj\u00fck, hogy a felt\u00e1mad\u00e1si szentmis\u00e9re<\/strong> <strong>mindenki hozzon mag\u00e1val gyerty\u00e1t.<\/strong><\/p>\n","protected":false},"excerpt":{"rendered":"<p>M\u00e1rcius 24-\u00e9n (Vir\u00e1gvas\u00e1rnap) elkezd\u0151d\u00f6tt a Nagyh\u00e9t. Ne feledj\u00fck a nagyp\u00e9nteki szigor\u00fa b\u00f6jt\u00f6t (3-szori \u00e9tkez\u00e9s, egyszeri j\u00f3llak\u00e1s, h\u00fastilalom). De im\u00e1ds\u00e1ggal, f\u0151leg a szertart\u00e1sokon val\u00f3 r\u00e9szv\u00e9tellel \u00e9s&#8230;<\/p>\n","protected":false},"author":2,"featured_media":0,"comment_status":"closed","ping_status":"open","sticky":false,"template":"","format":"standard","meta":[],"categories":[1,9,2],"tags":[],"_links":{"self":[{"href":"https:\/\/szentistvan.dnyem.hu\/index.php?rest_route=\/wp\/v2\/posts\/5492"}],"collection":[{"href":"https:\/\/szentistvan.dnyem.hu\/index.php?rest_route=\/wp\/v2\/posts"}],"about":[{"href":"https:\/\/szentistvan.dnyem.hu\/index.php?rest_route=\/wp\/v2\/types\/post"}],"author":[{"embeddable":true,"href":"https:\/\/szentistvan.dnyem.hu\/index.php?rest_route=\/wp\/v2\/users\/2"}],"replies":[{"embeddable":true,"href":"https:\/\/szentistvan.dnyem.hu\/index.php?rest_route=%2Fwp%2Fv2%2Fcomments&post=5492"}],"version-history":[{"count":1,"href":"https:\/\/szentistvan.dnyem.hu\/index.php?rest_route=\/wp\/v2\/posts\/5492\/revisions"}],"predecessor-version":[{"id":5493,"href":"https:\/\/szentistvan.dnyem.hu\/index.php?rest_route=\/wp\/v2\/posts\/5492\/revisions\/5493"}],"wp:attachment":[{"href":"https:\/\/szentistvan.dnyem.hu\/index.php?rest_route=%2Fwp%2Fv2%2Fmedia&parent=5492"}],"wp:term":[{"taxonomy":"category","embeddable":true,"href":"https:\/\/szentistvan.dnyem.hu\/index.php?rest_route=%2Fwp%2Fv2%2Fcategories&post=5492"},{"taxonomy":"post_tag","embeddable":true,"href":"https:\/\/szentistvan.dnyem.hu\/index.php?rest_route=%2Fwp%2Fv2%2Ftags&post=5492"}],"curies":[{"name":"wp","href":"https:\/\/api.w.org\/{rel}","templated":true}]}}