{"id":548,"date":"2015-12-06T16:04:54","date_gmt":"2015-12-06T15:04:54","guid":{"rendered":"http:\/\/szentistvan.dnyem.hu\/?p=548"},"modified":"2015-12-24T00:13:15","modified_gmt":"2015-12-23T23:13:15","slug":"adventi-gyertyagyujtas-templomunkban","status":"publish","type":"post","link":"https:\/\/szentistvan.dnyem.hu\/?p=548","title":{"rendered":"Adventi gyertyagy\u00fajt\u00e1s templomunkban"},"content":{"rendered":"<p><strong>Advent 1. vas\u00e1rnapj\u00e1n, 2015. november 29-\u00e9n:<\/strong><\/p>\n<p><a href=\"http:\/\/szentistvan.dnyem.hu\/wp-content\/uploads\/2015\/12\/1_adventi_gyertyagyujtas_2015_11_29.jpg\"><img loading=\"lazy\" class=\"alignnone wp-image-547 size-full\" src=\"http:\/\/szentistvan.dnyem.hu\/wp-content\/uploads\/2015\/12\/1_adventi_gyertyagyujtas_2015_11_29.jpg\" alt=\"1_adventi_gyertyagyujtas_2015_11_29\" width=\"500\" height=\"667\" srcset=\"https:\/\/szentistvan.dnyem.hu\/wp-content\/uploads\/2015\/12\/1_adventi_gyertyagyujtas_2015_11_29.jpg 500w, https:\/\/szentistvan.dnyem.hu\/wp-content\/uploads\/2015\/12\/1_adventi_gyertyagyujtas_2015_11_29-405x540.jpg 405w\" sizes=\"(max-width: 500px) 100vw, 500px\" \/><\/a><\/p>\n<p><strong>Advent 2. vas\u00e1rnapj\u00e1n, 2015. december 6-\u00e1n:<\/strong><\/p>\n<p><a href=\"http:\/\/szentistvan.dnyem.hu\/wp-content\/uploads\/2015\/12\/2_adventi_gyertyagyujtas1_2015_12_06.jpg\"><img loading=\"lazy\" class=\"alignnone size-medium wp-image-549\" src=\"http:\/\/szentistvan.dnyem.hu\/wp-content\/uploads\/2015\/12\/2_adventi_gyertyagyujtas1_2015_12_06-405x540.jpg\" alt=\"2_adventi_gyertyagyujtas1_2015_12_06\" width=\"405\" height=\"540\" srcset=\"https:\/\/szentistvan.dnyem.hu\/wp-content\/uploads\/2015\/12\/2_adventi_gyertyagyujtas1_2015_12_06-405x540.jpg 405w, https:\/\/szentistvan.dnyem.hu\/wp-content\/uploads\/2015\/12\/2_adventi_gyertyagyujtas1_2015_12_06.jpg 500w\" sizes=\"(max-width: 405px) 100vw, 405px\" \/><\/a><\/p>\n<p><a href=\"http:\/\/szentistvan.dnyem.hu\/wp-content\/uploads\/2015\/12\/2_adventi_gyertyagyujtas2_2015_12_06.jpg\"><img loading=\"lazy\" class=\"alignnone size-medium wp-image-550\" src=\"http:\/\/szentistvan.dnyem.hu\/wp-content\/uploads\/2015\/12\/2_adventi_gyertyagyujtas2_2015_12_06-405x540.jpg\" alt=\"2_adventi_gyertyagyujtas2_2015_12_06\" width=\"405\" height=\"540\" srcset=\"https:\/\/szentistvan.dnyem.hu\/wp-content\/uploads\/2015\/12\/2_adventi_gyertyagyujtas2_2015_12_06-405x540.jpg 405w, https:\/\/szentistvan.dnyem.hu\/wp-content\/uploads\/2015\/12\/2_adventi_gyertyagyujtas2_2015_12_06.jpg 500w\" sizes=\"(max-width: 405px) 100vw, 405px\" \/><\/a><\/p>\n<p><strong>Advent 3. vas\u00e1rnapj\u00e1n, 2015. december 13-\u00e1n:<\/strong><\/p>\n<p><a href=\"http:\/\/szentistvan.dnyem.hu\/wp-content\/uploads\/2015\/12\/3_adventi_gyertyagyujtas2_2015_12_13.jpg\"><img loading=\"lazy\" class=\"alignnone size-medium wp-image-556\" src=\"http:\/\/szentistvan.dnyem.hu\/wp-content\/uploads\/2015\/12\/3_adventi_gyertyagyujtas2_2015_12_13-405x540.jpg\" alt=\"3_adventi_gyertyagyujtas2_2015_12_13\" width=\"405\" height=\"540\" srcset=\"https:\/\/szentistvan.dnyem.hu\/wp-content\/uploads\/2015\/12\/3_adventi_gyertyagyujtas2_2015_12_13-405x540.jpg 405w, https:\/\/szentistvan.dnyem.hu\/wp-content\/uploads\/2015\/12\/3_adventi_gyertyagyujtas2_2015_12_13.jpg 500w\" sizes=\"(max-width: 405px) 100vw, 405px\" \/><\/a><\/p>\n<p><strong>Advent 4. vas\u00e1rnapj\u00e1n, 2015. december 20-\u00e1n:<\/strong><\/p>\n<p><a href=\"http:\/\/szentistvan.dnyem.hu\/wp-content\/uploads\/2015\/12\/4_adventi_gyertyagyujtas_2015_12_20.jpg\"><img loading=\"lazy\" class=\"alignnone size-medium wp-image-580\" src=\"http:\/\/szentistvan.dnyem.hu\/wp-content\/uploads\/2015\/12\/4_adventi_gyertyagyujtas_2015_12_20-405x540.jpg\" alt=\"4_adventi_gyertyagyujtas_2015_12_20\" width=\"405\" height=\"540\" srcset=\"https:\/\/szentistvan.dnyem.hu\/wp-content\/uploads\/2015\/12\/4_adventi_gyertyagyujtas_2015_12_20-405x540.jpg 405w, https:\/\/szentistvan.dnyem.hu\/wp-content\/uploads\/2015\/12\/4_adventi_gyertyagyujtas_2015_12_20-768x1024.jpg 768w, https:\/\/szentistvan.dnyem.hu\/wp-content\/uploads\/2015\/12\/4_adventi_gyertyagyujtas_2015_12_20.jpg 1920w\" sizes=\"(max-width: 405px) 100vw, 405px\" \/><\/a><\/p>\n","protected":false},"excerpt":{"rendered":"<p>Advent 1. vas\u00e1rnapj\u00e1n, 2015. november 29-\u00e9n: Advent 2. vas\u00e1rnapj\u00e1n, 2015. december 6-\u00e1n: Advent 3. vas\u00e1rnapj\u00e1n, 2015. december 13-\u00e1n: Advent 4. vas\u00e1rnapj\u00e1n, 2015. december 20-\u00e1n:<\/p>\n","protected":false},"author":2,"featured_media":0,"comment_status":"closed","ping_status":"open","sticky":false,"template":"","format":"standard","meta":[],"categories":[5],"tags":[],"_links":{"self":[{"href":"https:\/\/szentistvan.dnyem.hu\/index.php?rest_route=\/wp\/v2\/posts\/548"}],"collection":[{"href":"https:\/\/szentistvan.dnyem.hu\/index.php?rest_route=\/wp\/v2\/posts"}],"about":[{"href":"https:\/\/szentistvan.dnyem.hu\/index.php?rest_route=\/wp\/v2\/types\/post"}],"author":[{"embeddable":true,"href":"https:\/\/szentistvan.dnyem.hu\/index.php?rest_route=\/wp\/v2\/users\/2"}],"replies":[{"embeddable":true,"href":"https:\/\/szentistvan.dnyem.hu\/index.php?rest_route=%2Fwp%2Fv2%2Fcomments&post=548"}],"version-history":[{"count":4,"href":"https:\/\/szentistvan.dnyem.hu\/index.php?rest_route=\/wp\/v2\/posts\/548\/revisions"}],"predecessor-version":[{"id":581,"href":"https:\/\/szentistvan.dnyem.hu\/index.php?rest_route=\/wp\/v2\/posts\/548\/revisions\/581"}],"wp:attachment":[{"href":"https:\/\/szentistvan.dnyem.hu\/index.php?rest_route=%2Fwp%2Fv2%2Fmedia&parent=548"}],"wp:term":[{"taxonomy":"category","embeddable":true,"href":"https:\/\/szentistvan.dnyem.hu\/index.php?rest_route=%2Fwp%2Fv2%2Fcategories&post=548"},{"taxonomy":"post_tag","embeddable":true,"href":"https:\/\/szentistvan.dnyem.hu\/index.php?rest_route=%2Fwp%2Fv2%2Ftags&post=548"}],"curies":[{"name":"wp","href":"https:\/\/api.w.org\/{rel}","templated":true}]}}