{"id":544,"date":"2015-12-06T15:49:30","date_gmt":"2015-12-06T14:49:30","guid":{"rendered":"http:\/\/szentistvan.dnyem.hu\/?p=544"},"modified":"2015-12-06T15:49:30","modified_gmt":"2015-12-06T14:49:30","slug":"irgalmassag-szentevenek-megnyitasa","status":"publish","type":"post","link":"https:\/\/szentistvan.dnyem.hu\/?p=544","title":{"rendered":"Irgalmass\u00e1g Szent\u00e9v\u00e9nek megnyit\u00e1sa"},"content":{"rendered":"<p><strong>December 8-\u00e1n, kedden, 18:00-t\u00f3l<\/strong><\/p>\n<p>az Irgalmass\u00e1g Szent\u00e9v\u00e9nek megnyit\u00e1sa egyh\u00e1zmegy\u00e9nkben<\/p>\n<p><strong>Ny\u00edregyh\u00e1z\u00e1n az \u00f6r\u00f6k\u00f6sf\u00f6ldi Isteni Irgalmass\u00e1g templom\u00e1ban.<\/strong><\/p>\n","protected":false},"excerpt":{"rendered":"<p>December 8-\u00e1n, kedden, 18:00-t\u00f3l az Irgalmass\u00e1g Szent\u00e9v\u00e9nek megnyit\u00e1sa egyh\u00e1zmegy\u00e9nkben Ny\u00edregyh\u00e1z\u00e1n az \u00f6r\u00f6k\u00f6sf\u00f6ldi Isteni Irgalmass\u00e1g templom\u00e1ban.<\/p>\n","protected":false},"author":2,"featured_media":0,"comment_status":"closed","ping_status":"open","sticky":false,"template":"","format":"standard","meta":[],"categories":[1],"tags":[],"_links":{"self":[{"href":"https:\/\/szentistvan.dnyem.hu\/index.php?rest_route=\/wp\/v2\/posts\/544"}],"collection":[{"href":"https:\/\/szentistvan.dnyem.hu\/index.php?rest_route=\/wp\/v2\/posts"}],"about":[{"href":"https:\/\/szentistvan.dnyem.hu\/index.php?rest_route=\/wp\/v2\/types\/post"}],"author":[{"embeddable":true,"href":"https:\/\/szentistvan.dnyem.hu\/index.php?rest_route=\/wp\/v2\/users\/2"}],"replies":[{"embeddable":true,"href":"https:\/\/szentistvan.dnyem.hu\/index.php?rest_route=%2Fwp%2Fv2%2Fcomments&post=544"}],"version-history":[{"count":1,"href":"https:\/\/szentistvan.dnyem.hu\/index.php?rest_route=\/wp\/v2\/posts\/544\/revisions"}],"predecessor-version":[{"id":545,"href":"https:\/\/szentistvan.dnyem.hu\/index.php?rest_route=\/wp\/v2\/posts\/544\/revisions\/545"}],"wp:attachment":[{"href":"https:\/\/szentistvan.dnyem.hu\/index.php?rest_route=%2Fwp%2Fv2%2Fmedia&parent=544"}],"wp:term":[{"taxonomy":"category","embeddable":true,"href":"https:\/\/szentistvan.dnyem.hu\/index.php?rest_route=%2Fwp%2Fv2%2Fcategories&post=544"},{"taxonomy":"post_tag","embeddable":true,"href":"https:\/\/szentistvan.dnyem.hu\/index.php?rest_route=%2Fwp%2Fv2%2Ftags&post=544"}],"curies":[{"name":"wp","href":"https:\/\/api.w.org\/{rel}","templated":true}]}}