{"id":5430,"date":"2024-03-17T22:10:38","date_gmt":"2024-03-17T20:10:38","guid":{"rendered":"https:\/\/szentistvan.dnyem.hu\/?p=5430"},"modified":"2024-03-17T22:10:38","modified_gmt":"2024-03-17T20:10:38","slug":"szentsegimadas-es-rozsafuzer-a-vasarnapi-szentmisek-elott","status":"publish","type":"post","link":"https:\/\/szentistvan.dnyem.hu\/?p=5430","title":{"rendered":"Szents\u00e9gim\u00e1d\u00e1s \u00e9s r\u00f3zsaf\u00fcz\u00e9r a vas\u00e1rnapi szentmis\u00e9k el\u0151tt"},"content":{"rendered":"\n<p><strong>Minden h\u00f3nap p\u00e1ratlan vas\u00e1rnapj\u00e1n 8:45-t\u00f3l szents\u00e9gim\u00e1d\u00e1st v\u00e9gz\u00fcnk,<\/strong><\/p>\n\n\n\n<p><strong>p\u00e1ros vas\u00e1rnapjain 8:30-t\u00f3l r\u00f3zsaf\u00fcz\u00e9rt im\u00e1dkozunk<\/strong><\/p>\n\n\n\n<p>a vas\u00e1rnapi szentmis\u00e9k el\u0151tt.<\/p>\n\n\n\n<p>Buzd\u00edtjuk a kedves h\u00edveket, vegyenek r\u00e9szt ezeken.<\/p>\n","protected":false},"excerpt":{"rendered":"<p>Minden h\u00f3nap p\u00e1ratlan vas\u00e1rnapj\u00e1n 8:45-t\u00f3l szents\u00e9gim\u00e1d\u00e1st v\u00e9gz\u00fcnk, p\u00e1ros vas\u00e1rnapjain 8:30-t\u00f3l r\u00f3zsaf\u00fcz\u00e9rt im\u00e1dkozunk a vas\u00e1rnapi szentmis\u00e9k el\u0151tt. Buzd\u00edtjuk a kedves h\u00edveket, vegyenek r\u00e9szt ezeken.<\/p>\n","protected":false},"author":2,"featured_media":0,"comment_status":"closed","ping_status":"open","sticky":false,"template":"","format":"standard","meta":[],"categories":[9,2,12],"tags":[],"_links":{"self":[{"href":"https:\/\/szentistvan.dnyem.hu\/index.php?rest_route=\/wp\/v2\/posts\/5430"}],"collection":[{"href":"https:\/\/szentistvan.dnyem.hu\/index.php?rest_route=\/wp\/v2\/posts"}],"about":[{"href":"https:\/\/szentistvan.dnyem.hu\/index.php?rest_route=\/wp\/v2\/types\/post"}],"author":[{"embeddable":true,"href":"https:\/\/szentistvan.dnyem.hu\/index.php?rest_route=\/wp\/v2\/users\/2"}],"replies":[{"embeddable":true,"href":"https:\/\/szentistvan.dnyem.hu\/index.php?rest_route=%2Fwp%2Fv2%2Fcomments&post=5430"}],"version-history":[{"count":1,"href":"https:\/\/szentistvan.dnyem.hu\/index.php?rest_route=\/wp\/v2\/posts\/5430\/revisions"}],"predecessor-version":[{"id":5431,"href":"https:\/\/szentistvan.dnyem.hu\/index.php?rest_route=\/wp\/v2\/posts\/5430\/revisions\/5431"}],"wp:attachment":[{"href":"https:\/\/szentistvan.dnyem.hu\/index.php?rest_route=%2Fwp%2Fv2%2Fmedia&parent=5430"}],"wp:term":[{"taxonomy":"category","embeddable":true,"href":"https:\/\/szentistvan.dnyem.hu\/index.php?rest_route=%2Fwp%2Fv2%2Fcategories&post=5430"},{"taxonomy":"post_tag","embeddable":true,"href":"https:\/\/szentistvan.dnyem.hu\/index.php?rest_route=%2Fwp%2Fv2%2Ftags&post=5430"}],"curies":[{"name":"wp","href":"https:\/\/api.w.org\/{rel}","templated":true}]}}