{"id":542,"date":"2015-12-06T15:43:58","date_gmt":"2015-12-06T14:43:58","guid":{"rendered":"http:\/\/szentistvan.dnyem.hu\/?p=542"},"modified":"2015-12-06T15:43:58","modified_gmt":"2015-12-06T14:43:58","slug":"oromos-szentgyonas-3","status":"publish","type":"post","link":"https:\/\/szentistvan.dnyem.hu\/?p=542","title":{"rendered":"\u00d6r\u00f6m\u00f6s szentgy\u00f3n\u00e1s 3."},"content":{"rendered":"<p>AZ \u00dcDV\u00d6S EL\u00c9GT\u00c9TEL<\/p>\n<p>A b\u0171n k\u00e1rt okoz egy\u00e9nnek \u00e9s k\u00f6z\u00f6ss\u00e9gnek. <strong>Az okozott k\u00e1rt j\u00f3v\u00e1 kell tenni<\/strong> (p\u00e9ld\u00e1ul vissza kell adni a lopott holmit, helyre kell \u00e1ll\u00edtani a megr\u00e1galmazott testv\u00e9r j\u00f3 h\u00edr\u00e9t, el\u00e9gt\u00e9telt kell adni a s\u00e9rt\u00e9s\u00e9rt). Ezt m\u00e1r maga az igazs\u00e1goss\u00e1g is megk\u00f6veteli.<\/p>\n<p>A b\u0171n azonban megsebzi \u00e9s elgyeng\u00edti mag\u00e1t a b\u0171n\u00f6st, tov\u00e1bb\u00e1 Istenhez \u00e9s a felebar\u00e1thoz f\u0171z\u0151d\u0151 kapcsolatait. Miut\u00e1n a b\u0171n\u00f6s kiemelkedett a b\u0171nb\u0151l, m\u00e9g el kell nyernie a teljes lelki meger\u0151s\u00f6d\u00e9st \u00e9s eg\u00e9szs\u00e9get. M\u00e9g kell valamit tennie, hogy j\u00f3v\u00e1tegye b\u0171neit:<strong> megfelel\u0151 m\u00f3don el\u00e9gt\u00e9telt kell adnia. Ezt az el\u00e9gt\u00e9telt vezekl\u00e9snek is nevezz\u00fck.<\/strong><\/p>\n<p>Az el\u00e9gt\u00e9telnek tekintettel kell lennie a b\u0171nb\u00e1n\u00f3 szem\u00e9lyes helyzet\u00e9re \u00e9s lelki jav\u00e1t kell szolg\u00e1lnia. Amennyire lehets\u00e9ges, ar\u00e1nyban kell \u00e1llnia az elk\u00f6vetett b\u0171n\u00f6k term\u00e9szet\u00e9vel \u00e9s s\u00falyoss\u00e1g\u00e1val.<\/p>\n<p><strong>A magunk b\u0171nei\u00e9rt vezekl\u00fcnk, m\u00e1sok b\u0171nei\u00e9rt pedig engesztel\u00fcnk<\/strong>. A vezekl\u00e9s \u00e9s engesztel\u00e9s seg\u00edt benn\u00fcnket abban, hogy hasonl\u00f3v\u00e1 v\u00e1ljunk Krisztushoz, aki egyed\u00fcl \u00e9s egyszer s mindenkorra kiengesztelte b\u0171neinket.<\/p>\n","protected":false},"excerpt":{"rendered":"<p>AZ \u00dcDV\u00d6S EL\u00c9GT\u00c9TEL A b\u0171n k\u00e1rt okoz egy\u00e9nnek \u00e9s k\u00f6z\u00f6ss\u00e9gnek. Az okozott k\u00e1rt j\u00f3v\u00e1 kell tenni (p\u00e9ld\u00e1ul vissza kell adni a lopott holmit, helyre kell&#8230;<\/p>\n","protected":false},"author":2,"featured_media":0,"comment_status":"closed","ping_status":"open","sticky":false,"template":"","format":"standard","meta":[],"categories":[1],"tags":[],"_links":{"self":[{"href":"https:\/\/szentistvan.dnyem.hu\/index.php?rest_route=\/wp\/v2\/posts\/542"}],"collection":[{"href":"https:\/\/szentistvan.dnyem.hu\/index.php?rest_route=\/wp\/v2\/posts"}],"about":[{"href":"https:\/\/szentistvan.dnyem.hu\/index.php?rest_route=\/wp\/v2\/types\/post"}],"author":[{"embeddable":true,"href":"https:\/\/szentistvan.dnyem.hu\/index.php?rest_route=\/wp\/v2\/users\/2"}],"replies":[{"embeddable":true,"href":"https:\/\/szentistvan.dnyem.hu\/index.php?rest_route=%2Fwp%2Fv2%2Fcomments&post=542"}],"version-history":[{"count":1,"href":"https:\/\/szentistvan.dnyem.hu\/index.php?rest_route=\/wp\/v2\/posts\/542\/revisions"}],"predecessor-version":[{"id":543,"href":"https:\/\/szentistvan.dnyem.hu\/index.php?rest_route=\/wp\/v2\/posts\/542\/revisions\/543"}],"wp:attachment":[{"href":"https:\/\/szentistvan.dnyem.hu\/index.php?rest_route=%2Fwp%2Fv2%2Fmedia&parent=542"}],"wp:term":[{"taxonomy":"category","embeddable":true,"href":"https:\/\/szentistvan.dnyem.hu\/index.php?rest_route=%2Fwp%2Fv2%2Fcategories&post=542"},{"taxonomy":"post_tag","embeddable":true,"href":"https:\/\/szentistvan.dnyem.hu\/index.php?rest_route=%2Fwp%2Fv2%2Ftags&post=542"}],"curies":[{"name":"wp","href":"https:\/\/api.w.org\/{rel}","templated":true}]}}