{"id":540,"date":"2015-12-06T15:41:19","date_gmt":"2015-12-06T14:41:19","guid":{"rendered":"http:\/\/szentistvan.dnyem.hu\/?p=540"},"modified":"2015-12-06T15:41:19","modified_gmt":"2015-12-06T14:41:19","slug":"adventi-bunbanati-liturgia","status":"publish","type":"post","link":"https:\/\/szentistvan.dnyem.hu\/?p=540","title":{"rendered":"Adventi b\u0171nb\u00e1nati liturgia"},"content":{"rendered":"<p>Adventi b\u0171nb\u00e1nati liturgi\u00e1t \u00e9s gy\u00f3ntat\u00e1st tartunk<\/p>\n<p><strong>december 18-\u00e1n, p\u00e9nteken 17:00-t\u00f3l.<\/strong><\/p>\n<p>Vend\u00e9g aty\u00e1k is fognak gy\u00f3ntatni. J\u00f3 alkalom ez arra, hogy id\u0151ben elv\u00e9gezz\u00fck a kar\u00e1csonyi szentgy\u00f3n\u00e1st.<\/p>\n","protected":false},"excerpt":{"rendered":"<p>Adventi b\u0171nb\u00e1nati liturgi\u00e1t \u00e9s gy\u00f3ntat\u00e1st tartunk december 18-\u00e1n, p\u00e9nteken 17:00-t\u00f3l. Vend\u00e9g aty\u00e1k is fognak gy\u00f3ntatni. J\u00f3 alkalom ez arra, hogy id\u0151ben elv\u00e9gezz\u00fck a kar\u00e1csonyi szentgy\u00f3n\u00e1st.<\/p>\n","protected":false},"author":2,"featured_media":0,"comment_status":"closed","ping_status":"open","sticky":false,"template":"","format":"standard","meta":[],"categories":[1],"tags":[],"_links":{"self":[{"href":"https:\/\/szentistvan.dnyem.hu\/index.php?rest_route=\/wp\/v2\/posts\/540"}],"collection":[{"href":"https:\/\/szentistvan.dnyem.hu\/index.php?rest_route=\/wp\/v2\/posts"}],"about":[{"href":"https:\/\/szentistvan.dnyem.hu\/index.php?rest_route=\/wp\/v2\/types\/post"}],"author":[{"embeddable":true,"href":"https:\/\/szentistvan.dnyem.hu\/index.php?rest_route=\/wp\/v2\/users\/2"}],"replies":[{"embeddable":true,"href":"https:\/\/szentistvan.dnyem.hu\/index.php?rest_route=%2Fwp%2Fv2%2Fcomments&post=540"}],"version-history":[{"count":1,"href":"https:\/\/szentistvan.dnyem.hu\/index.php?rest_route=\/wp\/v2\/posts\/540\/revisions"}],"predecessor-version":[{"id":541,"href":"https:\/\/szentistvan.dnyem.hu\/index.php?rest_route=\/wp\/v2\/posts\/540\/revisions\/541"}],"wp:attachment":[{"href":"https:\/\/szentistvan.dnyem.hu\/index.php?rest_route=%2Fwp%2Fv2%2Fmedia&parent=540"}],"wp:term":[{"taxonomy":"category","embeddable":true,"href":"https:\/\/szentistvan.dnyem.hu\/index.php?rest_route=%2Fwp%2Fv2%2Fcategories&post=540"},{"taxonomy":"post_tag","embeddable":true,"href":"https:\/\/szentistvan.dnyem.hu\/index.php?rest_route=%2Fwp%2Fv2%2Ftags&post=540"}],"curies":[{"name":"wp","href":"https:\/\/api.w.org\/{rel}","templated":true}]}}