{"id":5389,"date":"2024-02-29T11:04:42","date_gmt":"2024-02-29T09:04:42","guid":{"rendered":"https:\/\/szentistvan.dnyem.hu\/?p=5389"},"modified":"2024-02-29T11:06:26","modified_gmt":"2024-02-29T09:06:26","slug":"szuz-maria-tizenot-igerete-a-rozsafuzerrel-kapcsolatban","status":"publish","type":"post","link":"https:\/\/szentistvan.dnyem.hu\/?p=5389","title":{"rendered":"Sz\u0171z M\u00e1ria tizen\u00f6t \u00edg\u00e9rete a r\u00f3zsaf\u00fcz\u00e9rrel kapcsolatban"},"content":{"rendered":"\n<p>A Bretagne-b\u00f3l sz\u00e1rmaz\u00f3 Alanus de Rupe (Alain de la Roche) Szent Domonkos szerzetesrendj\u00e9nek tagja volt. Teol\u00f3gi\u00e1t tan\u00edtott P\u00e1rizsban, Lille-ben, Douai-ban, Gent-ban \u00e9s v\u00e9g\u00fcl N\u00e9metorsz\u00e1gban, Rostockban. Nagy M\u00e1ria tisztel\u0151 volt, a r\u00f3zsaf\u00fcz\u00e9r terjeszt\u00e9s\u00e9nek \u00e9s r\u00f3zsaf\u00fcz\u00e9r t\u00e1rsas\u00e1gok alap\u00edt\u00e1s\u00e1nak szentelte \u00e9let\u00e9t. 1475. szeptember 8-\u00e1n halt meg. Esk\u00fcvel tett tan\u00fas\u00e1got amellett, hogy a Szent Sz\u0171z a k\u00f6vetkez\u0151 fontos \u00edg\u00e9reteket tette a r\u00f3zsaf\u00fcz\u00e9rrel kapcsolatban.<\/p>\n\n\n\n<ol><li>K\u00fcl\u00f6n\u00f6s kegyelmet kapnak, akik \u00e1llhatatosan szolg\u00e1lnak nekem a r\u00f3zsaf\u00fcz\u00e9r ima \u00e1ltal.<\/li><li>K\u00fcl\u00f6nleges oltalmamat \u00e9s nagy kegyelmeket \u00edg\u00e9rek mindazoknak, akik \u00e1hitattal im\u00e1dkozz\u00e1k r\u00f3zsaf\u00fcz\u00e9remet.<\/li><li>A r\u00f3zsaf\u00fcz\u00e9r er\u0151s v\u00e9d\u0151fal lesz a pokol ellen, megsemmis\u00edti \u00e9s el\u0171zi ab\u0171n\u00f6ket \u00e9s kioltja a t\u00e9vtanokat.<\/li><li>\u00dajb\u00f3l felvir\u00e1goztatja az er\u00e9nyeket \u00e9s a szent m\u0171veket, \u00e9s Isten nagy irgalm\u00e1t esdi ki a lelkek sz\u00e1m\u00e1ra. Visszaford\u00edtja az emberek sz\u00edv\u00e9t a hi\u00fa vil\u00e1gszeretett\u0151l az Isten ir\u00e1nti szeretethez, \u00e9s v\u00e1gyat \u00e9breszt benn\u00fck az \u00f6r\u00f6k \u00e9rt\u00e9kek ir\u00e1nt. \u00d3, mily sok l\u00e9lek fog megszentel\u0151dni \u00e1ltala!<\/li><li>Nem v\u00e9sz el az a l\u00e9lek, aki a r\u00f3zsaf\u00fcz\u00e9r \u00e1ltal r\u00e1m b\u00edzza mag\u00e1t.<\/li><li>Aki \u00e1hitattal im\u00e1dkozza a r\u00f3zsaf\u00fcz\u00e9rt, \u00e9s k\u00f6zben szeml\u00e9li a titkokat, azt nem t\u00f6ri le a szerencs\u00e9tlens\u00e9g, nem tapasztalja meg Isten haragj\u00e1t, nem hal meg hirtelen hal\u00e1llal, hanem megt\u00e9r, amennyiben b\u0171n\u00f6s \u00e9let\u0171. Ha azonban igaz lelk\u0171, kitart a kegyelemben \u00e9s m\u00e9lt\u00f3v\u00e1 v\u00e1lik az \u00f6r\u00f6k \u00e9letre.<\/li><li>Nem fognak szents\u00e9gek n\u00e9lk\u00fcl meghalni, akik val\u00f3ban szeretik r\u00f3zsaf\u00fcz\u00e9remet.<\/li><li>Azt szeretn\u00e9m, hogy akik r\u00f3zsaf\u00fcz\u00e9remet im\u00e1dkozz\u00e1k, \u00e9let\u00fckben \u00e9s hal\u00e1lukban a kegyelem b\u0151s\u00e9g\u00e9ben \u00e9s vil\u00e1goss\u00e1gban legyenek! \u00c9let\u00fckben \u00e9s hal\u00e1lukban r\u00e9szes\u00fcljenek a szentek \u00e9rdemeib\u0151l!<\/li><li>Mindennap kiszabad\u00edtok a tiszt\u00edt\u00f3helyr\u0151l olyan lelkeket, akik rendszeresen im\u00e1dkozt\u00e1k a r\u00f3zsaf\u00fcz\u00e9rt.<\/li><li>R\u00f3zsaf\u00fcz\u00e9rem igaz gyermekei nagy dics\u0151s\u00e9gben r\u00e9szes\u00fclnek az \u00e9gben.<\/li><li>Amit a r\u00f3zsaf\u00fcz\u00e9r \u00e1ltal k\u00e9rsz, azt mindig megkapod.<\/li><li>Akik r\u00f3zsaf\u00fcz\u00e9remet terjesztik, azoknak minden sz\u00fcks\u00e9g\u00fckben seg\u00edts\u00e9g\u00fckre sietek.<\/li><li>Elnyertem Fiamt\u00f3l, hogy a r\u00f3zsaf\u00fcz\u00e9r t\u00e1rsas\u00e1gok tagjai \u00e9let\u00fckben \u00e9s hal\u00e1lukban testv\u00e9r\u00fcknek tudhatj\u00e1k az \u00e9g minden lak\u00f3j\u00e1t.<\/li><li>Akik a r\u00f3zsaf\u00fcz\u00e9rt im\u00e1dkozz\u00e1k, azok az \u00e9n gyermekeim \u00e9s J\u00e9zus Krisztusnak, az \u00e9n egysz\u00fcl\u00f6tt Fiamnak pedig testv\u00e9rei.<\/li><li>A r\u00f3zsaf\u00fcz\u00e9rhez val\u00f3 h\u0171s\u00e9g a kiv\u00e1lasztotts\u00e1g nagy jele.<\/li><\/ol>\n\n\n\n<p>(forr\u00e1s: <a href=\"https:\/\/www.karizmatikus.hu\/noha\/olvasnivalo\/5902-szuz-maria-tizenoet-igerete.html\" target=\"_blank\" rel=\"noreferrer noopener\">https:\/\/www.karizmatikus.hu\/noha\/olvasnivalo\/5902-szuz-maria-tizenoet-igerete.html<\/a>)<\/p>\n","protected":false},"excerpt":{"rendered":"<p>A Bretagne-b\u00f3l sz\u00e1rmaz\u00f3 Alanus de Rupe (Alain de la Roche) Szent Domonkos szerzetesrendj\u00e9nek tagja volt. Teol\u00f3gi\u00e1t tan\u00edtott P\u00e1rizsban, Lille-ben, Douai-ban, Gent-ban \u00e9s v\u00e9g\u00fcl N\u00e9metorsz\u00e1gban, Rostockban&#8230;.<\/p>\n","protected":false},"author":2,"featured_media":0,"comment_status":"closed","ping_status":"open","sticky":false,"template":"","format":"standard","meta":[],"categories":[1,11,9,12],"tags":[],"_links":{"self":[{"href":"https:\/\/szentistvan.dnyem.hu\/index.php?rest_route=\/wp\/v2\/posts\/5389"}],"collection":[{"href":"https:\/\/szentistvan.dnyem.hu\/index.php?rest_route=\/wp\/v2\/posts"}],"about":[{"href":"https:\/\/szentistvan.dnyem.hu\/index.php?rest_route=\/wp\/v2\/types\/post"}],"author":[{"embeddable":true,"href":"https:\/\/szentistvan.dnyem.hu\/index.php?rest_route=\/wp\/v2\/users\/2"}],"replies":[{"embeddable":true,"href":"https:\/\/szentistvan.dnyem.hu\/index.php?rest_route=%2Fwp%2Fv2%2Fcomments&post=5389"}],"version-history":[{"count":2,"href":"https:\/\/szentistvan.dnyem.hu\/index.php?rest_route=\/wp\/v2\/posts\/5389\/revisions"}],"predecessor-version":[{"id":5393,"href":"https:\/\/szentistvan.dnyem.hu\/index.php?rest_route=\/wp\/v2\/posts\/5389\/revisions\/5393"}],"wp:attachment":[{"href":"https:\/\/szentistvan.dnyem.hu\/index.php?rest_route=%2Fwp%2Fv2%2Fmedia&parent=5389"}],"wp:term":[{"taxonomy":"category","embeddable":true,"href":"https:\/\/szentistvan.dnyem.hu\/index.php?rest_route=%2Fwp%2Fv2%2Fcategories&post=5389"},{"taxonomy":"post_tag","embeddable":true,"href":"https:\/\/szentistvan.dnyem.hu\/index.php?rest_route=%2Fwp%2Fv2%2Ftags&post=5389"}],"curies":[{"name":"wp","href":"https:\/\/api.w.org\/{rel}","templated":true}]}}